{"id":1529,"date":"2023-08-03T11:53:39","date_gmt":"2023-08-03T09:53:39","guid":{"rendered":"https:\/\/clusterdemuntanya.cat\/agrodit-una-tecnologia-de-riego-para-hacer-frente-a-la-sequia\/"},"modified":"2024-09-10T20:37:03","modified_gmt":"2024-09-10T18:37:03","slug":"agrodit-una-tecnologia-de-riego-para-hacer-frente-a-la-sequia","status":"publish","type":"post","link":"https:\/\/clusterdemuntanya.cat\/es\/agrodit-una-tecnologia-de-riego-para-hacer-frente-a-la-sequia\/","title":{"rendered":"Agrodit, una tecnolog\u00eda de riego para hacer frente a la sequ\u00eda"},"content":{"rendered":"\n<p>La sequ\u00eda es un problema que sigue afectando a gran parte de la pen\u00ednsula Ib\u00e9rica, especialmente en el este de Espa\u00f1a. La agricultura, que supone el 2,5% del PIB espa\u00f1ol y concentra el 80,5% del consumo de agua del pa\u00eds, es uno de los sectores m\u00e1s afectados. <\/p>\n\n<p>Ante este reto, dos estudiantes de la Universidad Abierta de Catalu\u00f1a (UOC), Mar\u00eda Mart\u00ednez y Fernando Carrasco, han desarrollado Agrodit, una soluci\u00f3n tecnol\u00f3gica para el control de los cultivos y la implementaci\u00f3n del riego supereficiente en la agricultura. Un proyecto que gan\u00f3 el premio del jurado de la \u00faltima edici\u00f3n del programa de emprendedur\u00eda SpinUOC, coordinado por la plataforma Hubbik. <\/p>\n\n<p>La tecnolog\u00eda de Agrodit se basa en sensores de humedad y temperatura del suelo que funcionan con energ\u00eda solar y proporcionan informaci\u00f3n precisa sobre las condiciones h\u00eddricas de los cultivos. Esto permite a los agricultores medir la humedad del suelo en tiempo real y aplicar riego de forma precisa, evitando el desperdicio de agua. Con esta tecnolog\u00eda, se puede llegar a ahorrar hasta un 50% de agua de riego, regando s\u00f3lo cuando es necesario para el cultivo.  <\/p>\n\n<p>La soluci\u00f3n tecnol\u00f3gica, desarrollada junto a los agricultores para adaptarla a sus necesidades reales, ya ha sido testada en dos proyectos piloto: uno en un campo exterior con cultivo de chiriv\u00eda y otro en un invernadero con cultivo de tomates cherry.<\/p>\n\n<p>Con el riego eficiente, Agrodit contribuye a mitigar los efectos de la sequ\u00eda, conservando el recurso de agua y promocionando un saludable crecimiento de los cultivos. La tecnolog\u00eda est\u00e1 dise\u00f1ada para empoderar a los agricultores y favorecer la sostenibilidad de la agricultura y la seguridad alimentaria en regiones afectadas por la escasez de agua. <\/p>\n","protected":false},"excerpt":{"rendered":"<p>La sequ\u00eda es un problema que sigue afectando a gran parte de la pen\u00ednsula Ib\u00e9rica, especialmente en el este de Espa\u00f1a. La agricultura, que supone el 2,5% del PIB espa\u00f1ol y concentra el 80,5% del consumo de agua del pa\u00eds, es uno de los sectores m\u00e1s afectados. Ante este reto, dos estudiantes de la Universidad [&hellip;]<\/p>\n","protected":false},"author":2,"featured_media":1380,"comment_status":"closed","ping_status":"closed","sticky":false,"template":"","format":"standard","meta":{"footnotes":""},"categories":[74],"tags":[116,117,112],"class_list":["post-1529","post","type-post","status-publish","format-standard","has-post-thumbnail","hentry","category-sin-categorizar","tag-agrodito","tag-riego","tag-sequia"],"yoast_head":"<!-- This site is optimized with the Yoast SEO plugin v27.5 - https:\/\/yoast.com\/product\/yoast-seo-wordpress\/ -->\n<title>Agrodit, una tecnolog\u00eda para hacer frente a la sequ\u00eda<\/title>\n<meta name=\"robots\" content=\"index, follow, max-snippet:-1, max-image-preview:large, max-video-preview:-1\" \/>\n<link rel=\"canonical\" href=\"https:\/\/clusterdemuntanya.cat\/es\/agrodit-una-tecnologia-de-riego-para-hacer-frente-a-la-sequia\/\" \/>\n<meta property=\"og:locale\" content=\"es_ES\" \/>\n<meta property=\"og:type\" content=\"article\" \/>\n<meta property=\"og:title\" content=\"Agrodit, una tecnolog\u00eda para hacer frente a la sequ\u00eda\" \/>\n<meta property=\"og:description\" content=\"La sequ\u00eda es un problema que sigue afectando a gran parte de la pen\u00ednsula Ib\u00e9rica, especialmente en el este de Espa\u00f1a. La agricultura, que supone el 2,5% del PIB espa\u00f1ol y concentra el 80,5% del consumo de agua del pa\u00eds, es uno de los sectores m\u00e1s afectados. Ante este reto, dos estudiantes de la Universidad [&hellip;]\" \/>\n<meta property=\"og:url\" content=\"https:\/\/clusterdemuntanya.cat\/es\/agrodit-una-tecnologia-de-riego-para-hacer-frente-a-la-sequia\/\" \/>\n<meta property=\"og:site_name\" content=\"Cl\u00faster de Muntanya\" \/>\n<meta property=\"article:published_time\" content=\"2023-08-03T09:53:39+00:00\" \/>\n<meta property=\"article:modified_time\" content=\"2024-09-10T18:37:03+00:00\" \/>\n<meta property=\"og:image\" content=\"https:\/\/clusterdemuntanya.cat\/wp-content\/uploads\/2023\/08\/agricultura.jpeg\" \/>\n\t<meta property=\"og:image:width\" content=\"2520\" \/>\n\t<meta property=\"og:image:height\" content=\"1418\" \/>\n\t<meta property=\"og:image:type\" content=\"image\/jpeg\" \/>\n<meta name=\"author\" content=\"nautilus\" \/>\n<meta name=\"twitter:card\" content=\"summary_large_image\" \/>\n<meta name=\"twitter:label1\" content=\"Escrito por\" \/>\n\t<meta name=\"twitter:data1\" content=\"nautilus\" \/>\n\t<meta name=\"twitter:label2\" content=\"Tiempo de lectura\" \/>\n\t<meta name=\"twitter:data2\" content=\"2 minutos\" \/>\n<script type=\"application\/ld+json\" class=\"yoast-schema-graph\">{\"@context\":\"https:\\\/\\\/schema.org\",\"@graph\":[{\"@type\":\"Article\",\"@id\":\"https:\\\/\\\/clusterdemuntanya.cat\\\/es\\\/agrodit-una-tecnologia-de-riego-para-hacer-frente-a-la-sequia\\\/#article\",\"isPartOf\":{\"@id\":\"https:\\\/\\\/clusterdemuntanya.cat\\\/es\\\/agrodit-una-tecnologia-de-riego-para-hacer-frente-a-la-sequia\\\/\"},\"author\":{\"name\":\"nautilus\",\"@id\":\"https:\\\/\\\/clusterdemuntanya.cat\\\/es\\\/#\\\/schema\\\/person\\\/cf0c2fb4ac20fcc13e25a546a2e5c0cd\"},\"headline\":\"Agrodit, una tecnolog\u00eda de riego para hacer frente a la sequ\u00eda\",\"datePublished\":\"2023-08-03T09:53:39+00:00\",\"dateModified\":\"2024-09-10T18:37:03+00:00\",\"mainEntityOfPage\":{\"@id\":\"https:\\\/\\\/clusterdemuntanya.cat\\\/es\\\/agrodit-una-tecnologia-de-riego-para-hacer-frente-a-la-sequia\\\/\"},\"wordCount\":316,\"publisher\":{\"@id\":\"https:\\\/\\\/clusterdemuntanya.cat\\\/es\\\/#organization\"},\"image\":{\"@id\":\"https:\\\/\\\/clusterdemuntanya.cat\\\/es\\\/agrodit-una-tecnologia-de-riego-para-hacer-frente-a-la-sequia\\\/#primaryimage\"},\"thumbnailUrl\":\"https:\\\/\\\/clusterdemuntanya.cat\\\/wp-content\\\/uploads\\\/2023\\\/08\\\/agricultura.jpeg\",\"keywords\":[\"agrodito\",\"riego\",\"sequ\u00eda\"],\"articleSection\":[\"Sin categorizar\"],\"inLanguage\":\"es\"},{\"@type\":\"WebPage\",\"@id\":\"https:\\\/\\\/clusterdemuntanya.cat\\\/es\\\/agrodit-una-tecnologia-de-riego-para-hacer-frente-a-la-sequia\\\/\",\"url\":\"https:\\\/\\\/clusterdemuntanya.cat\\\/es\\\/agrodit-una-tecnologia-de-riego-para-hacer-frente-a-la-sequia\\\/\",\"name\":\"Agrodit, una tecnolog\u00eda para hacer frente a la sequ\u00eda\",\"isPartOf\":{\"@id\":\"https:\\\/\\\/clusterdemuntanya.cat\\\/es\\\/#website\"},\"primaryImageOfPage\":{\"@id\":\"https:\\\/\\\/clusterdemuntanya.cat\\\/es\\\/agrodit-una-tecnologia-de-riego-para-hacer-frente-a-la-sequia\\\/#primaryimage\"},\"image\":{\"@id\":\"https:\\\/\\\/clusterdemuntanya.cat\\\/es\\\/agrodit-una-tecnologia-de-riego-para-hacer-frente-a-la-sequia\\\/#primaryimage\"},\"thumbnailUrl\":\"https:\\\/\\\/clusterdemuntanya.cat\\\/wp-content\\\/uploads\\\/2023\\\/08\\\/agricultura.jpeg\",\"datePublished\":\"2023-08-03T09:53:39+00:00\",\"dateModified\":\"2024-09-10T18:37:03+00:00\",\"breadcrumb\":{\"@id\":\"https:\\\/\\\/clusterdemuntanya.cat\\\/es\\\/agrodit-una-tecnologia-de-riego-para-hacer-frente-a-la-sequia\\\/#breadcrumb\"},\"inLanguage\":\"es\",\"potentialAction\":[{\"@type\":\"ReadAction\",\"target\":[\"https:\\\/\\\/clusterdemuntanya.cat\\\/es\\\/agrodit-una-tecnologia-de-riego-para-hacer-frente-a-la-sequia\\\/\"]}]},{\"@type\":\"ImageObject\",\"inLanguage\":\"es\",\"@id\":\"https:\\\/\\\/clusterdemuntanya.cat\\\/es\\\/agrodit-una-tecnologia-de-riego-para-hacer-frente-a-la-sequia\\\/#primaryimage\",\"url\":\"https:\\\/\\\/clusterdemuntanya.cat\\\/wp-content\\\/uploads\\\/2023\\\/08\\\/agricultura.jpeg\",\"contentUrl\":\"https:\\\/\\\/clusterdemuntanya.cat\\\/wp-content\\\/uploads\\\/2023\\\/08\\\/agricultura.jpeg\",\"width\":2520,\"height\":1418},{\"@type\":\"BreadcrumbList\",\"@id\":\"https:\\\/\\\/clusterdemuntanya.cat\\\/es\\\/agrodit-una-tecnologia-de-riego-para-hacer-frente-a-la-sequia\\\/#breadcrumb\",\"itemListElement\":[{\"@type\":\"ListItem\",\"position\":1,\"name\":\"Inici\",\"item\":\"https:\\\/\\\/clusterdemuntanya.cat\\\/es\\\/\"},{\"@type\":\"ListItem\",\"position\":2,\"name\":\"Agrodit, una tecnolog\u00eda de riego para hacer frente a la sequ\u00eda\"}]},{\"@type\":\"WebSite\",\"@id\":\"https:\\\/\\\/clusterdemuntanya.cat\\\/es\\\/#website\",\"url\":\"https:\\\/\\\/clusterdemuntanya.cat\\\/es\\\/\",\"name\":\"Cl\u00faster de Muntanya\",\"description\":\"El Cl\u00faster Agroalimentari de Productes T\u00edpics de Muntanya\",\"publisher\":{\"@id\":\"https:\\\/\\\/clusterdemuntanya.cat\\\/es\\\/#organization\"},\"potentialAction\":[{\"@type\":\"SearchAction\",\"target\":{\"@type\":\"EntryPoint\",\"urlTemplate\":\"https:\\\/\\\/clusterdemuntanya.cat\\\/es\\\/?s={search_term_string}\"},\"query-input\":{\"@type\":\"PropertyValueSpecification\",\"valueRequired\":true,\"valueName\":\"search_term_string\"}}],\"inLanguage\":\"es\"},{\"@type\":\"Organization\",\"@id\":\"https:\\\/\\\/clusterdemuntanya.cat\\\/es\\\/#organization\",\"name\":\"Cl\u00faster de Muntanya\",\"url\":\"https:\\\/\\\/clusterdemuntanya.cat\\\/es\\\/\",\"logo\":{\"@type\":\"ImageObject\",\"inLanguage\":\"es\",\"@id\":\"https:\\\/\\\/clusterdemuntanya.cat\\\/es\\\/#\\\/schema\\\/logo\\\/image\\\/\",\"url\":\"https:\\\/\\\/clusterdemuntanya.cat\\\/wp-content\\\/uploads\\\/2022\\\/07\\\/logo-cluster-de-muntanya-2-horitzontal-25.png\",\"contentUrl\":\"https:\\\/\\\/clusterdemuntanya.cat\\\/wp-content\\\/uploads\\\/2022\\\/07\\\/logo-cluster-de-muntanya-2-horitzontal-25.png\",\"width\":1064,\"height\":298,\"caption\":\"Cl\u00faster de Muntanya\"},\"image\":{\"@id\":\"https:\\\/\\\/clusterdemuntanya.cat\\\/es\\\/#\\\/schema\\\/logo\\\/image\\\/\"}},{\"@type\":\"Person\",\"@id\":\"https:\\\/\\\/clusterdemuntanya.cat\\\/es\\\/#\\\/schema\\\/person\\\/cf0c2fb4ac20fcc13e25a546a2e5c0cd\",\"name\":\"nautilus\",\"image\":{\"@type\":\"ImageObject\",\"inLanguage\":\"es\",\"@id\":\"https:\\\/\\\/secure.gravatar.com\\\/avatar\\\/a473e312ee18f748f664d56d1406a72fc819a3f910bc8f6b292f7b15bba93e0b?s=96&d=mm&r=g\",\"url\":\"https:\\\/\\\/secure.gravatar.com\\\/avatar\\\/a473e312ee18f748f664d56d1406a72fc819a3f910bc8f6b292f7b15bba93e0b?s=96&d=mm&r=g\",\"contentUrl\":\"https:\\\/\\\/secure.gravatar.com\\\/avatar\\\/a473e312ee18f748f664d56d1406a72fc819a3f910bc8f6b292f7b15bba93e0b?s=96&d=mm&r=g\",\"caption\":\"nautilus\"},\"url\":\"https:\\\/\\\/clusterdemuntanya.cat\\\/es\\\/author\\\/nautilus\\\/\"}]}<\/script>\n<!-- \/ Yoast SEO plugin. -->","yoast_head_json":{"title":"Agrodit, una tecnolog\u00eda para hacer frente a la sequ\u00eda","robots":{"index":"index","follow":"follow","max-snippet":"max-snippet:-1","max-image-preview":"max-image-preview:large","max-video-preview":"max-video-preview:-1"},"canonical":"https:\/\/clusterdemuntanya.cat\/es\/agrodit-una-tecnologia-de-riego-para-hacer-frente-a-la-sequia\/","og_locale":"es_ES","og_type":"article","og_title":"Agrodit, una tecnolog\u00eda para hacer frente a la sequ\u00eda","og_description":"La sequ\u00eda es un problema que sigue afectando a gran parte de la pen\u00ednsula Ib\u00e9rica, especialmente en el este de Espa\u00f1a. La agricultura, que supone el 2,5% del PIB espa\u00f1ol y concentra el 80,5% del consumo de agua del pa\u00eds, es uno de los sectores m\u00e1s afectados. Ante este reto, dos estudiantes de la Universidad [&hellip;]","og_url":"https:\/\/clusterdemuntanya.cat\/es\/agrodit-una-tecnologia-de-riego-para-hacer-frente-a-la-sequia\/","og_site_name":"Cl\u00faster de Muntanya","article_published_time":"2023-08-03T09:53:39+00:00","article_modified_time":"2024-09-10T18:37:03+00:00","og_image":[{"width":2520,"height":1418,"url":"https:\/\/clusterdemuntanya.cat\/wp-content\/uploads\/2023\/08\/agricultura.jpeg","type":"image\/jpeg"}],"author":"nautilus","twitter_card":"summary_large_image","twitter_misc":{"Escrito por":"nautilus","Tiempo de lectura":"2 minutos"},"schema":{"@context":"https:\/\/schema.org","@graph":[{"@type":"Article","@id":"https:\/\/clusterdemuntanya.cat\/es\/agrodit-una-tecnologia-de-riego-para-hacer-frente-a-la-sequia\/#article","isPartOf":{"@id":"https:\/\/clusterdemuntanya.cat\/es\/agrodit-una-tecnologia-de-riego-para-hacer-frente-a-la-sequia\/"},"author":{"name":"nautilus","@id":"https:\/\/clusterdemuntanya.cat\/es\/#\/schema\/person\/cf0c2fb4ac20fcc13e25a546a2e5c0cd"},"headline":"Agrodit, una tecnolog\u00eda de riego para hacer frente a la sequ\u00eda","datePublished":"2023-08-03T09:53:39+00:00","dateModified":"2024-09-10T18:37:03+00:00","mainEntityOfPage":{"@id":"https:\/\/clusterdemuntanya.cat\/es\/agrodit-una-tecnologia-de-riego-para-hacer-frente-a-la-sequia\/"},"wordCount":316,"publisher":{"@id":"https:\/\/clusterdemuntanya.cat\/es\/#organization"},"image":{"@id":"https:\/\/clusterdemuntanya.cat\/es\/agrodit-una-tecnologia-de-riego-para-hacer-frente-a-la-sequia\/#primaryimage"},"thumbnailUrl":"https:\/\/clusterdemuntanya.cat\/wp-content\/uploads\/2023\/08\/agricultura.jpeg","keywords":["agrodito","riego","sequ\u00eda"],"articleSection":["Sin categorizar"],"inLanguage":"es"},{"@type":"WebPage","@id":"https:\/\/clusterdemuntanya.cat\/es\/agrodit-una-tecnologia-de-riego-para-hacer-frente-a-la-sequia\/","url":"https:\/\/clusterdemuntanya.cat\/es\/agrodit-una-tecnologia-de-riego-para-hacer-frente-a-la-sequia\/","name":"Agrodit, una tecnolog\u00eda para hacer frente a la sequ\u00eda","isPartOf":{"@id":"https:\/\/clusterdemuntanya.cat\/es\/#website"},"primaryImageOfPage":{"@id":"https:\/\/clusterdemuntanya.cat\/es\/agrodit-una-tecnologia-de-riego-para-hacer-frente-a-la-sequia\/#primaryimage"},"image":{"@id":"https:\/\/clusterdemuntanya.cat\/es\/agrodit-una-tecnologia-de-riego-para-hacer-frente-a-la-sequia\/#primaryimage"},"thumbnailUrl":"https:\/\/clusterdemuntanya.cat\/wp-content\/uploads\/2023\/08\/agricultura.jpeg","datePublished":"2023-08-03T09:53:39+00:00","dateModified":"2024-09-10T18:37:03+00:00","breadcrumb":{"@id":"https:\/\/clusterdemuntanya.cat\/es\/agrodit-una-tecnologia-de-riego-para-hacer-frente-a-la-sequia\/#breadcrumb"},"inLanguage":"es","potentialAction":[{"@type":"ReadAction","target":["https:\/\/clusterdemuntanya.cat\/es\/agrodit-una-tecnologia-de-riego-para-hacer-frente-a-la-sequia\/"]}]},{"@type":"ImageObject","inLanguage":"es","@id":"https:\/\/clusterdemuntanya.cat\/es\/agrodit-una-tecnologia-de-riego-para-hacer-frente-a-la-sequia\/#primaryimage","url":"https:\/\/clusterdemuntanya.cat\/wp-content\/uploads\/2023\/08\/agricultura.jpeg","contentUrl":"https:\/\/clusterdemuntanya.cat\/wp-content\/uploads\/2023\/08\/agricultura.jpeg","width":2520,"height":1418},{"@type":"BreadcrumbList","@id":"https:\/\/clusterdemuntanya.cat\/es\/agrodit-una-tecnologia-de-riego-para-hacer-frente-a-la-sequia\/#breadcrumb","itemListElement":[{"@type":"ListItem","position":1,"name":"Inici","item":"https:\/\/clusterdemuntanya.cat\/es\/"},{"@type":"ListItem","position":2,"name":"Agrodit, una tecnolog\u00eda de riego para hacer frente a la sequ\u00eda"}]},{"@type":"WebSite","@id":"https:\/\/clusterdemuntanya.cat\/es\/#website","url":"https:\/\/clusterdemuntanya.cat\/es\/","name":"Cl\u00faster de Muntanya","description":"El Cl\u00faster Agroalimentari de Productes T\u00edpics de Muntanya","publisher":{"@id":"https:\/\/clusterdemuntanya.cat\/es\/#organization"},"potentialAction":[{"@type":"SearchAction","target":{"@type":"EntryPoint","urlTemplate":"https:\/\/clusterdemuntanya.cat\/es\/?s={search_term_string}"},"query-input":{"@type":"PropertyValueSpecification","valueRequired":true,"valueName":"search_term_string"}}],"inLanguage":"es"},{"@type":"Organization","@id":"https:\/\/clusterdemuntanya.cat\/es\/#organization","name":"Cl\u00faster de Muntanya","url":"https:\/\/clusterdemuntanya.cat\/es\/","logo":{"@type":"ImageObject","inLanguage":"es","@id":"https:\/\/clusterdemuntanya.cat\/es\/#\/schema\/logo\/image\/","url":"https:\/\/clusterdemuntanya.cat\/wp-content\/uploads\/2022\/07\/logo-cluster-de-muntanya-2-horitzontal-25.png","contentUrl":"https:\/\/clusterdemuntanya.cat\/wp-content\/uploads\/2022\/07\/logo-cluster-de-muntanya-2-horitzontal-25.png","width":1064,"height":298,"caption":"Cl\u00faster de Muntanya"},"image":{"@id":"https:\/\/clusterdemuntanya.cat\/es\/#\/schema\/logo\/image\/"}},{"@type":"Person","@id":"https:\/\/clusterdemuntanya.cat\/es\/#\/schema\/person\/cf0c2fb4ac20fcc13e25a546a2e5c0cd","name":"nautilus","image":{"@type":"ImageObject","inLanguage":"es","@id":"https:\/\/secure.gravatar.com\/avatar\/a473e312ee18f748f664d56d1406a72fc819a3f910bc8f6b292f7b15bba93e0b?s=96&d=mm&r=g","url":"https:\/\/secure.gravatar.com\/avatar\/a473e312ee18f748f664d56d1406a72fc819a3f910bc8f6b292f7b15bba93e0b?s=96&d=mm&r=g","contentUrl":"https:\/\/secure.gravatar.com\/avatar\/a473e312ee18f748f664d56d1406a72fc819a3f910bc8f6b292f7b15bba93e0b?s=96&d=mm&r=g","caption":"nautilus"},"url":"https:\/\/clusterdemuntanya.cat\/es\/author\/nautilus\/"}]}},"_links":{"self":[{"href":"https:\/\/clusterdemuntanya.cat\/es\/wp-json\/wp\/v2\/posts\/1529","targetHints":{"allow":["GET"]}}],"collection":[{"href":"https:\/\/clusterdemuntanya.cat\/es\/wp-json\/wp\/v2\/posts"}],"about":[{"href":"https:\/\/clusterdemuntanya.cat\/es\/wp-json\/wp\/v2\/types\/post"}],"author":[{"embeddable":true,"href":"https:\/\/clusterdemuntanya.cat\/es\/wp-json\/wp\/v2\/users\/2"}],"replies":[{"embeddable":true,"href":"https:\/\/clusterdemuntanya.cat\/es\/wp-json\/wp\/v2\/comments?post=1529"}],"version-history":[{"count":1,"href":"https:\/\/clusterdemuntanya.cat\/es\/wp-json\/wp\/v2\/posts\/1529\/revisions"}],"predecessor-version":[{"id":1531,"href":"https:\/\/clusterdemuntanya.cat\/es\/wp-json\/wp\/v2\/posts\/1529\/revisions\/1531"}],"wp:featuredmedia":[{"embeddable":true,"href":"https:\/\/clusterdemuntanya.cat\/es\/wp-json\/wp\/v2\/media\/1380"}],"wp:attachment":[{"href":"https:\/\/clusterdemuntanya.cat\/es\/wp-json\/wp\/v2\/media?parent=1529"}],"wp:term":[{"taxonomy":"category","embeddable":true,"href":"https:\/\/clusterdemuntanya.cat\/es\/wp-json\/wp\/v2\/categories?post=1529"},{"taxonomy":"post_tag","embeddable":true,"href":"https:\/\/clusterdemuntanya.cat\/es\/wp-json\/wp\/v2\/tags?post=1529"}],"curies":[{"name":"wp","href":"https:\/\/api.w.org\/{rel}","templated":true}]}}