{"id":1534,"date":"2023-07-26T12:00:00","date_gmt":"2023-07-26T10:00:00","guid":{"rendered":"https:\/\/clusterdemuntanya.cat\/la-generalitat-impulsa-un-programa-de-ayudas-para-preservar-la-biodiversidad\/"},"modified":"2024-09-10T20:37:03","modified_gmt":"2024-09-10T18:37:03","slug":"la-generalitat-impulsa-un-programa-de-ayudas-para-preservar-la-biodiversidad","status":"publish","type":"post","link":"https:\/\/clusterdemuntanya.cat\/es\/la-generalitat-impulsa-un-programa-de-ayudas-para-preservar-la-biodiversidad\/","title":{"rendered":"La Generalitat impulsa un programa de ayudas para preservar la biodiversidad"},"content":{"rendered":"\n<p>El Departamento de Acci\u00f3n Clim\u00e1tica ha anunciado un programa de subvenciones destinado a los propietarios de bosques maduros, con el objetivo de fomentar la preservaci\u00f3n de la biodiversidad que se genera. Esta iniciativa tiene como finalidad evitar la tala de los \u00e1rboles que mueren y la recogida de madera. Adem\u00e1s de promover pr\u00e1cticas selv\u00edcolas que mejoren la madurez de los bosques, as\u00ed como la conservaci\u00f3n de los \u00e1rboles viejos que act\u00faan como refugio para insectos y mam\u00edferos.  <\/p>\n\n<p>En Catalu\u00f1a, la situaci\u00f3n de los bosques maduros es preocupante, puesto que representan menos de un 1% de la cobertura forestal total. De ah\u00ed que el Gobierno haya decidido tomar medidas para revertir esta situaci\u00f3n y contribuir a la conservaci\u00f3n de los ecosistemas forestales. <\/p>\n\n<p>El programa de subvenciones de la acci\u00f3n clim\u00e1tica ha destinado una partida inicial de 300.000 euros para este prop\u00f3sito. Sin embargo, esta cifra podr\u00eda aumentar hasta 2 millones de euros si fuera necesario. <\/p>\n\n<p>A trav\u00e9s de esta iniciativa, los propietarios de bosques maduros tendr\u00e1n la oportunidad de recibir apoyo financiero para implementar pr\u00e1cticas que contribuyan a mantener y mejorar el estado de madurez de los bosques.<\/p>\n\n<p>Hasta ahora, la valoraci\u00f3n de los bosques se ha centrado principalmente en la cantidad de madera que conten\u00edan y en el precio que los propietarios pod\u00edan obtener vendi\u00e9ndola. Sin embargo, el Departamento de Acci\u00f3n Clim\u00e1tica ha introducido una nueva forma de cuantificar el valor de los bosques, tomando en consideraci\u00f3n otros par\u00e1metros esenciales como la biodiversidad y la madurez de los ecosistemas forestales. <\/p>\n\n<p>Con la aplicaci\u00f3n de este nuevo modelo de ayudas, se pretende fomentar un cambio de mentalidad entre los propietarios de bosques, incentivar la conservaci\u00f3n de la biodiversidad y promover la creaci\u00f3n de m\u00e1s espacios naturales maduros.<\/p>\n","protected":false},"excerpt":{"rendered":"<p>El Departamento de Acci\u00f3n Clim\u00e1tica ha anunciado un programa de subvenciones destinado a los propietarios de bosques maduros, con el objetivo de fomentar la preservaci\u00f3n de la biodiversidad que se genera. Esta iniciativa tiene como finalidad evitar la tala de los \u00e1rboles que mueren y la recogida de madera. Adem\u00e1s de promover pr\u00e1cticas selv\u00edcolas que [&hellip;]<\/p>\n","protected":false},"author":2,"featured_media":1379,"comment_status":"closed","ping_status":"closed","sticky":false,"template":"","format":"standard","meta":{"footnotes":""},"categories":[74],"tags":[],"class_list":["post-1534","post","type-post","status-publish","format-standard","has-post-thumbnail","hentry","category-sin-categorizar"],"yoast_head":"<!-- This site is optimized with the Yoast SEO plugin v27.5 - https:\/\/yoast.com\/product\/yoast-seo-wordpress\/ -->\n<title>Nuevas ayudas para impulsar la biodiversidad de los bosques<\/title>\n<meta name=\"robots\" content=\"index, follow, max-snippet:-1, max-image-preview:large, max-video-preview:-1\" \/>\n<link rel=\"canonical\" href=\"https:\/\/clusterdemuntanya.cat\/es\/la-generalitat-impulsa-un-programa-de-ayudas-para-preservar-la-biodiversidad\/\" \/>\n<meta property=\"og:locale\" content=\"es_ES\" \/>\n<meta property=\"og:type\" content=\"article\" \/>\n<meta property=\"og:title\" content=\"Nuevas ayudas para impulsar la biodiversidad de los bosques\" \/>\n<meta property=\"og:description\" content=\"El Departamento de Acci\u00f3n Clim\u00e1tica ha anunciado un programa de subvenciones destinado a los propietarios de bosques maduros, con el objetivo de fomentar la preservaci\u00f3n de la biodiversidad que se genera. Esta iniciativa tiene como finalidad evitar la tala de los \u00e1rboles que mueren y la recogida de madera. Adem\u00e1s de promover pr\u00e1cticas selv\u00edcolas que [&hellip;]\" \/>\n<meta property=\"og:url\" content=\"https:\/\/clusterdemuntanya.cat\/es\/la-generalitat-impulsa-un-programa-de-ayudas-para-preservar-la-biodiversidad\/\" \/>\n<meta property=\"og:site_name\" content=\"Cl\u00faster de Muntanya\" \/>\n<meta property=\"article:published_time\" content=\"2023-07-26T10:00:00+00:00\" \/>\n<meta property=\"article:modified_time\" content=\"2024-09-10T18:37:03+00:00\" \/>\n<meta property=\"og:image\" content=\"https:\/\/clusterdemuntanya.cat\/wp-content\/uploads\/2023\/07\/forest.jpeg\" \/>\n\t<meta property=\"og:image:width\" content=\"2520\" \/>\n\t<meta property=\"og:image:height\" content=\"1373\" \/>\n\t<meta property=\"og:image:type\" content=\"image\/jpeg\" \/>\n<meta name=\"author\" content=\"nautilus\" \/>\n<meta name=\"twitter:card\" content=\"summary_large_image\" \/>\n<meta name=\"twitter:label1\" content=\"Escrito por\" \/>\n\t<meta name=\"twitter:data1\" content=\"nautilus\" \/>\n\t<meta name=\"twitter:label2\" content=\"Tiempo de lectura\" \/>\n\t<meta name=\"twitter:data2\" content=\"2 minutos\" \/>\n<script type=\"application\/ld+json\" class=\"yoast-schema-graph\">{\"@context\":\"https:\\\/\\\/schema.org\",\"@graph\":[{\"@type\":\"Article\",\"@id\":\"https:\\\/\\\/clusterdemuntanya.cat\\\/es\\\/la-generalitat-impulsa-un-programa-de-ayudas-para-preservar-la-biodiversidad\\\/#article\",\"isPartOf\":{\"@id\":\"https:\\\/\\\/clusterdemuntanya.cat\\\/es\\\/la-generalitat-impulsa-un-programa-de-ayudas-para-preservar-la-biodiversidad\\\/\"},\"author\":{\"name\":\"nautilus\",\"@id\":\"https:\\\/\\\/clusterdemuntanya.cat\\\/es\\\/#\\\/schema\\\/person\\\/cf0c2fb4ac20fcc13e25a546a2e5c0cd\"},\"headline\":\"La Generalitat impulsa un programa de ayudas para preservar la biodiversidad\",\"datePublished\":\"2023-07-26T10:00:00+00:00\",\"dateModified\":\"2024-09-10T18:37:03+00:00\",\"mainEntityOfPage\":{\"@id\":\"https:\\\/\\\/clusterdemuntanya.cat\\\/es\\\/la-generalitat-impulsa-un-programa-de-ayudas-para-preservar-la-biodiversidad\\\/\"},\"wordCount\":326,\"publisher\":{\"@id\":\"https:\\\/\\\/clusterdemuntanya.cat\\\/es\\\/#organization\"},\"image\":{\"@id\":\"https:\\\/\\\/clusterdemuntanya.cat\\\/es\\\/la-generalitat-impulsa-un-programa-de-ayudas-para-preservar-la-biodiversidad\\\/#primaryimage\"},\"thumbnailUrl\":\"https:\\\/\\\/clusterdemuntanya.cat\\\/wp-content\\\/uploads\\\/2023\\\/07\\\/forest.jpeg\",\"articleSection\":[\"Sin categorizar\"],\"inLanguage\":\"es\"},{\"@type\":\"WebPage\",\"@id\":\"https:\\\/\\\/clusterdemuntanya.cat\\\/es\\\/la-generalitat-impulsa-un-programa-de-ayudas-para-preservar-la-biodiversidad\\\/\",\"url\":\"https:\\\/\\\/clusterdemuntanya.cat\\\/es\\\/la-generalitat-impulsa-un-programa-de-ayudas-para-preservar-la-biodiversidad\\\/\",\"name\":\"Nuevas ayudas para impulsar la biodiversidad de los bosques\",\"isPartOf\":{\"@id\":\"https:\\\/\\\/clusterdemuntanya.cat\\\/es\\\/#website\"},\"primaryImageOfPage\":{\"@id\":\"https:\\\/\\\/clusterdemuntanya.cat\\\/es\\\/la-generalitat-impulsa-un-programa-de-ayudas-para-preservar-la-biodiversidad\\\/#primaryimage\"},\"image\":{\"@id\":\"https:\\\/\\\/clusterdemuntanya.cat\\\/es\\\/la-generalitat-impulsa-un-programa-de-ayudas-para-preservar-la-biodiversidad\\\/#primaryimage\"},\"thumbnailUrl\":\"https:\\\/\\\/clusterdemuntanya.cat\\\/wp-content\\\/uploads\\\/2023\\\/07\\\/forest.jpeg\",\"datePublished\":\"2023-07-26T10:00:00+00:00\",\"dateModified\":\"2024-09-10T18:37:03+00:00\",\"breadcrumb\":{\"@id\":\"https:\\\/\\\/clusterdemuntanya.cat\\\/es\\\/la-generalitat-impulsa-un-programa-de-ayudas-para-preservar-la-biodiversidad\\\/#breadcrumb\"},\"inLanguage\":\"es\",\"potentialAction\":[{\"@type\":\"ReadAction\",\"target\":[\"https:\\\/\\\/clusterdemuntanya.cat\\\/es\\\/la-generalitat-impulsa-un-programa-de-ayudas-para-preservar-la-biodiversidad\\\/\"]}]},{\"@type\":\"ImageObject\",\"inLanguage\":\"es\",\"@id\":\"https:\\\/\\\/clusterdemuntanya.cat\\\/es\\\/la-generalitat-impulsa-un-programa-de-ayudas-para-preservar-la-biodiversidad\\\/#primaryimage\",\"url\":\"https:\\\/\\\/clusterdemuntanya.cat\\\/wp-content\\\/uploads\\\/2023\\\/07\\\/forest.jpeg\",\"contentUrl\":\"https:\\\/\\\/clusterdemuntanya.cat\\\/wp-content\\\/uploads\\\/2023\\\/07\\\/forest.jpeg\",\"width\":2520,\"height\":1373},{\"@type\":\"BreadcrumbList\",\"@id\":\"https:\\\/\\\/clusterdemuntanya.cat\\\/es\\\/la-generalitat-impulsa-un-programa-de-ayudas-para-preservar-la-biodiversidad\\\/#breadcrumb\",\"itemListElement\":[{\"@type\":\"ListItem\",\"position\":1,\"name\":\"Inici\",\"item\":\"https:\\\/\\\/clusterdemuntanya.cat\\\/es\\\/\"},{\"@type\":\"ListItem\",\"position\":2,\"name\":\"La Generalitat impulsa un programa de ayudas para preservar la biodiversidad\"}]},{\"@type\":\"WebSite\",\"@id\":\"https:\\\/\\\/clusterdemuntanya.cat\\\/es\\\/#website\",\"url\":\"https:\\\/\\\/clusterdemuntanya.cat\\\/es\\\/\",\"name\":\"Cl\u00faster de Muntanya\",\"description\":\"El Cl\u00faster Agroalimentari de Productes T\u00edpics de Muntanya\",\"publisher\":{\"@id\":\"https:\\\/\\\/clusterdemuntanya.cat\\\/es\\\/#organization\"},\"potentialAction\":[{\"@type\":\"SearchAction\",\"target\":{\"@type\":\"EntryPoint\",\"urlTemplate\":\"https:\\\/\\\/clusterdemuntanya.cat\\\/es\\\/?s={search_term_string}\"},\"query-input\":{\"@type\":\"PropertyValueSpecification\",\"valueRequired\":true,\"valueName\":\"search_term_string\"}}],\"inLanguage\":\"es\"},{\"@type\":\"Organization\",\"@id\":\"https:\\\/\\\/clusterdemuntanya.cat\\\/es\\\/#organization\",\"name\":\"Cl\u00faster de Muntanya\",\"url\":\"https:\\\/\\\/clusterdemuntanya.cat\\\/es\\\/\",\"logo\":{\"@type\":\"ImageObject\",\"inLanguage\":\"es\",\"@id\":\"https:\\\/\\\/clusterdemuntanya.cat\\\/es\\\/#\\\/schema\\\/logo\\\/image\\\/\",\"url\":\"https:\\\/\\\/clusterdemuntanya.cat\\\/wp-content\\\/uploads\\\/2022\\\/07\\\/logo-cluster-de-muntanya-2-horitzontal-25.png\",\"contentUrl\":\"https:\\\/\\\/clusterdemuntanya.cat\\\/wp-content\\\/uploads\\\/2022\\\/07\\\/logo-cluster-de-muntanya-2-horitzontal-25.png\",\"width\":1064,\"height\":298,\"caption\":\"Cl\u00faster de Muntanya\"},\"image\":{\"@id\":\"https:\\\/\\\/clusterdemuntanya.cat\\\/es\\\/#\\\/schema\\\/logo\\\/image\\\/\"}},{\"@type\":\"Person\",\"@id\":\"https:\\\/\\\/clusterdemuntanya.cat\\\/es\\\/#\\\/schema\\\/person\\\/cf0c2fb4ac20fcc13e25a546a2e5c0cd\",\"name\":\"nautilus\",\"image\":{\"@type\":\"ImageObject\",\"inLanguage\":\"es\",\"@id\":\"https:\\\/\\\/secure.gravatar.com\\\/avatar\\\/a473e312ee18f748f664d56d1406a72fc819a3f910bc8f6b292f7b15bba93e0b?s=96&d=mm&r=g\",\"url\":\"https:\\\/\\\/secure.gravatar.com\\\/avatar\\\/a473e312ee18f748f664d56d1406a72fc819a3f910bc8f6b292f7b15bba93e0b?s=96&d=mm&r=g\",\"contentUrl\":\"https:\\\/\\\/secure.gravatar.com\\\/avatar\\\/a473e312ee18f748f664d56d1406a72fc819a3f910bc8f6b292f7b15bba93e0b?s=96&d=mm&r=g\",\"caption\":\"nautilus\"},\"url\":\"https:\\\/\\\/clusterdemuntanya.cat\\\/es\\\/author\\\/nautilus\\\/\"}]}<\/script>\n<!-- \/ Yoast SEO plugin. -->","yoast_head_json":{"title":"Nuevas ayudas para impulsar la biodiversidad de los bosques","robots":{"index":"index","follow":"follow","max-snippet":"max-snippet:-1","max-image-preview":"max-image-preview:large","max-video-preview":"max-video-preview:-1"},"canonical":"https:\/\/clusterdemuntanya.cat\/es\/la-generalitat-impulsa-un-programa-de-ayudas-para-preservar-la-biodiversidad\/","og_locale":"es_ES","og_type":"article","og_title":"Nuevas ayudas para impulsar la biodiversidad de los bosques","og_description":"El Departamento de Acci\u00f3n Clim\u00e1tica ha anunciado un programa de subvenciones destinado a los propietarios de bosques maduros, con el objetivo de fomentar la preservaci\u00f3n de la biodiversidad que se genera. Esta iniciativa tiene como finalidad evitar la tala de los \u00e1rboles que mueren y la recogida de madera. Adem\u00e1s de promover pr\u00e1cticas selv\u00edcolas que [&hellip;]","og_url":"https:\/\/clusterdemuntanya.cat\/es\/la-generalitat-impulsa-un-programa-de-ayudas-para-preservar-la-biodiversidad\/","og_site_name":"Cl\u00faster de Muntanya","article_published_time":"2023-07-26T10:00:00+00:00","article_modified_time":"2024-09-10T18:37:03+00:00","og_image":[{"width":2520,"height":1373,"url":"https:\/\/clusterdemuntanya.cat\/wp-content\/uploads\/2023\/07\/forest.jpeg","type":"image\/jpeg"}],"author":"nautilus","twitter_card":"summary_large_image","twitter_misc":{"Escrito por":"nautilus","Tiempo de lectura":"2 minutos"},"schema":{"@context":"https:\/\/schema.org","@graph":[{"@type":"Article","@id":"https:\/\/clusterdemuntanya.cat\/es\/la-generalitat-impulsa-un-programa-de-ayudas-para-preservar-la-biodiversidad\/#article","isPartOf":{"@id":"https:\/\/clusterdemuntanya.cat\/es\/la-generalitat-impulsa-un-programa-de-ayudas-para-preservar-la-biodiversidad\/"},"author":{"name":"nautilus","@id":"https:\/\/clusterdemuntanya.cat\/es\/#\/schema\/person\/cf0c2fb4ac20fcc13e25a546a2e5c0cd"},"headline":"La Generalitat impulsa un programa de ayudas para preservar la biodiversidad","datePublished":"2023-07-26T10:00:00+00:00","dateModified":"2024-09-10T18:37:03+00:00","mainEntityOfPage":{"@id":"https:\/\/clusterdemuntanya.cat\/es\/la-generalitat-impulsa-un-programa-de-ayudas-para-preservar-la-biodiversidad\/"},"wordCount":326,"publisher":{"@id":"https:\/\/clusterdemuntanya.cat\/es\/#organization"},"image":{"@id":"https:\/\/clusterdemuntanya.cat\/es\/la-generalitat-impulsa-un-programa-de-ayudas-para-preservar-la-biodiversidad\/#primaryimage"},"thumbnailUrl":"https:\/\/clusterdemuntanya.cat\/wp-content\/uploads\/2023\/07\/forest.jpeg","articleSection":["Sin categorizar"],"inLanguage":"es"},{"@type":"WebPage","@id":"https:\/\/clusterdemuntanya.cat\/es\/la-generalitat-impulsa-un-programa-de-ayudas-para-preservar-la-biodiversidad\/","url":"https:\/\/clusterdemuntanya.cat\/es\/la-generalitat-impulsa-un-programa-de-ayudas-para-preservar-la-biodiversidad\/","name":"Nuevas ayudas para impulsar la biodiversidad de los bosques","isPartOf":{"@id":"https:\/\/clusterdemuntanya.cat\/es\/#website"},"primaryImageOfPage":{"@id":"https:\/\/clusterdemuntanya.cat\/es\/la-generalitat-impulsa-un-programa-de-ayudas-para-preservar-la-biodiversidad\/#primaryimage"},"image":{"@id":"https:\/\/clusterdemuntanya.cat\/es\/la-generalitat-impulsa-un-programa-de-ayudas-para-preservar-la-biodiversidad\/#primaryimage"},"thumbnailUrl":"https:\/\/clusterdemuntanya.cat\/wp-content\/uploads\/2023\/07\/forest.jpeg","datePublished":"2023-07-26T10:00:00+00:00","dateModified":"2024-09-10T18:37:03+00:00","breadcrumb":{"@id":"https:\/\/clusterdemuntanya.cat\/es\/la-generalitat-impulsa-un-programa-de-ayudas-para-preservar-la-biodiversidad\/#breadcrumb"},"inLanguage":"es","potentialAction":[{"@type":"ReadAction","target":["https:\/\/clusterdemuntanya.cat\/es\/la-generalitat-impulsa-un-programa-de-ayudas-para-preservar-la-biodiversidad\/"]}]},{"@type":"ImageObject","inLanguage":"es","@id":"https:\/\/clusterdemuntanya.cat\/es\/la-generalitat-impulsa-un-programa-de-ayudas-para-preservar-la-biodiversidad\/#primaryimage","url":"https:\/\/clusterdemuntanya.cat\/wp-content\/uploads\/2023\/07\/forest.jpeg","contentUrl":"https:\/\/clusterdemuntanya.cat\/wp-content\/uploads\/2023\/07\/forest.jpeg","width":2520,"height":1373},{"@type":"BreadcrumbList","@id":"https:\/\/clusterdemuntanya.cat\/es\/la-generalitat-impulsa-un-programa-de-ayudas-para-preservar-la-biodiversidad\/#breadcrumb","itemListElement":[{"@type":"ListItem","position":1,"name":"Inici","item":"https:\/\/clusterdemuntanya.cat\/es\/"},{"@type":"ListItem","position":2,"name":"La Generalitat impulsa un programa de ayudas para preservar la biodiversidad"}]},{"@type":"WebSite","@id":"https:\/\/clusterdemuntanya.cat\/es\/#website","url":"https:\/\/clusterdemuntanya.cat\/es\/","name":"Cl\u00faster de Muntanya","description":"El Cl\u00faster Agroalimentari de Productes T\u00edpics de Muntanya","publisher":{"@id":"https:\/\/clusterdemuntanya.cat\/es\/#organization"},"potentialAction":[{"@type":"SearchAction","target":{"@type":"EntryPoint","urlTemplate":"https:\/\/clusterdemuntanya.cat\/es\/?s={search_term_string}"},"query-input":{"@type":"PropertyValueSpecification","valueRequired":true,"valueName":"search_term_string"}}],"inLanguage":"es"},{"@type":"Organization","@id":"https:\/\/clusterdemuntanya.cat\/es\/#organization","name":"Cl\u00faster de Muntanya","url":"https:\/\/clusterdemuntanya.cat\/es\/","logo":{"@type":"ImageObject","inLanguage":"es","@id":"https:\/\/clusterdemuntanya.cat\/es\/#\/schema\/logo\/image\/","url":"https:\/\/clusterdemuntanya.cat\/wp-content\/uploads\/2022\/07\/logo-cluster-de-muntanya-2-horitzontal-25.png","contentUrl":"https:\/\/clusterdemuntanya.cat\/wp-content\/uploads\/2022\/07\/logo-cluster-de-muntanya-2-horitzontal-25.png","width":1064,"height":298,"caption":"Cl\u00faster de Muntanya"},"image":{"@id":"https:\/\/clusterdemuntanya.cat\/es\/#\/schema\/logo\/image\/"}},{"@type":"Person","@id":"https:\/\/clusterdemuntanya.cat\/es\/#\/schema\/person\/cf0c2fb4ac20fcc13e25a546a2e5c0cd","name":"nautilus","image":{"@type":"ImageObject","inLanguage":"es","@id":"https:\/\/secure.gravatar.com\/avatar\/a473e312ee18f748f664d56d1406a72fc819a3f910bc8f6b292f7b15bba93e0b?s=96&d=mm&r=g","url":"https:\/\/secure.gravatar.com\/avatar\/a473e312ee18f748f664d56d1406a72fc819a3f910bc8f6b292f7b15bba93e0b?s=96&d=mm&r=g","contentUrl":"https:\/\/secure.gravatar.com\/avatar\/a473e312ee18f748f664d56d1406a72fc819a3f910bc8f6b292f7b15bba93e0b?s=96&d=mm&r=g","caption":"nautilus"},"url":"https:\/\/clusterdemuntanya.cat\/es\/author\/nautilus\/"}]}},"_links":{"self":[{"href":"https:\/\/clusterdemuntanya.cat\/es\/wp-json\/wp\/v2\/posts\/1534","targetHints":{"allow":["GET"]}}],"collection":[{"href":"https:\/\/clusterdemuntanya.cat\/es\/wp-json\/wp\/v2\/posts"}],"about":[{"href":"https:\/\/clusterdemuntanya.cat\/es\/wp-json\/wp\/v2\/types\/post"}],"author":[{"embeddable":true,"href":"https:\/\/clusterdemuntanya.cat\/es\/wp-json\/wp\/v2\/users\/2"}],"replies":[{"embeddable":true,"href":"https:\/\/clusterdemuntanya.cat\/es\/wp-json\/wp\/v2\/comments?post=1534"}],"version-history":[{"count":1,"href":"https:\/\/clusterdemuntanya.cat\/es\/wp-json\/wp\/v2\/posts\/1534\/revisions"}],"predecessor-version":[{"id":1536,"href":"https:\/\/clusterdemuntanya.cat\/es\/wp-json\/wp\/v2\/posts\/1534\/revisions\/1536"}],"wp:featuredmedia":[{"embeddable":true,"href":"https:\/\/clusterdemuntanya.cat\/es\/wp-json\/wp\/v2\/media\/1379"}],"wp:attachment":[{"href":"https:\/\/clusterdemuntanya.cat\/es\/wp-json\/wp\/v2\/media?parent=1534"}],"wp:term":[{"taxonomy":"category","embeddable":true,"href":"https:\/\/clusterdemuntanya.cat\/es\/wp-json\/wp\/v2\/categories?post=1534"},{"taxonomy":"post_tag","embeddable":true,"href":"https:\/\/clusterdemuntanya.cat\/es\/wp-json\/wp\/v2\/tags?post=1534"}],"curies":[{"name":"wp","href":"https:\/\/api.w.org\/{rel}","templated":true}]}}