{"id":1545,"date":"2022-08-12T09:45:45","date_gmt":"2022-08-12T07:45:45","guid":{"rendered":"https:\/\/clusterdemuntanya.cat\/ruta-turistica-con-aires-de-montana-y-cerveza-minera\/"},"modified":"2024-09-10T20:37:10","modified_gmt":"2024-09-10T18:37:10","slug":"ruta-turistica-con-aires-de-montana-y-cerveza-minera","status":"publish","type":"post","link":"https:\/\/clusterdemuntanya.cat\/es\/ruta-turistica-con-aires-de-montana-y-cerveza-minera\/","title":{"rendered":"Ruta tur\u00edstica con aires de monta\u00f1a y cerveza minera"},"content":{"rendered":"\n<p>La Diputaci\u00f3n de Girona, en coordinaci\u00f3n con otras instituciones catalanas que promueven el turismo interior, recomiendan este verano una ruta por los valles del Ripoll\u00e8s, el valle de Camprodon y el de Ribes para descubrir tanto las joyas del rom\u00e1nico del Pirineo, las actividades de escalada y de rutas a caballo como la cocina de monta\u00f1a. La califican de \u201cpropuesta gastron\u00f3mica de altura, que apuesta fuerte por el producto local y que se caracteriza por unos ingredientes \u00fanicos, como, por ejemplo, la carne de potro, la oveja ripollesa, la triunfa o las famosas galletas\u201d. <\/p>\n\n<p>En el marco de esta ruta, y siguiendo en el \u00e1mbito agroalimentario, se recomienda probar en la capital del Ripoll\u00e8s sus extraordinarios embutidos y la cerveza artesana Minera. Hace casi un siglo que la \u00faltima vagoneta sali\u00f3 por la boca de la mina Juncadella, y 50 a\u00f1os que la explotaci\u00f3n cerr\u00f3 definitivamente. Sorprendentemente se ha convertido, sin embargo, en la cuna de un proyecto de cerveza artesana que est\u00e1 triunfando en el territorio: la Minera. El objetivo de sus impulsores es divulgar la cultura de la cerveza artesana as\u00ed como el patrimonio minero de Ogassa y Sant Joan de les Abadesses. Por este motivo, organizan regularmente visitas con cata para grupos en su obrador y caminatas en torno a las minas de Ogassa.    <\/p>\n","protected":false},"excerpt":{"rendered":"<p>La Diputaci\u00f3n de Girona, en coordinaci\u00f3n con otras instituciones catalanas que promueven el turismo interior, recomiendan este verano una ruta por los valles del Ripoll\u00e8s, el valle de Camprodon y el de Ribes para descubrir tanto las joyas del rom\u00e1nico del Pirineo, las actividades de escalada y de rutas a caballo como la cocina de monta\u00f1a. La califican de \u201cpropuesta&#8230; <\/p>\n","protected":false},"author":1,"featured_media":1205,"comment_status":"closed","ping_status":"closed","sticky":false,"template":"","format":"standard","meta":{"footnotes":""},"categories":[74],"tags":[],"class_list":["post-1545","post","type-post","status-publish","format-standard","has-post-thumbnail","hentry","category-sin-categorizar"],"yoast_head":"<!-- This site is optimized with the Yoast SEO plugin v27.5 - https:\/\/yoast.com\/product\/yoast-seo-wordpress\/ -->\n<title>Ruta tur\u00edstica con aires de monta\u00f1a y cerveza minera - Cl\u00faster de Muntanya<\/title>\n<meta name=\"robots\" content=\"index, follow, max-snippet:-1, max-image-preview:large, max-video-preview:-1\" \/>\n<link rel=\"canonical\" href=\"https:\/\/clusterdemuntanya.cat\/es\/ruta-turistica-con-aires-de-montana-y-cerveza-minera\/\" \/>\n<meta property=\"og:locale\" content=\"es_ES\" \/>\n<meta property=\"og:type\" content=\"article\" \/>\n<meta property=\"og:title\" content=\"Ruta tur\u00edstica con aires de monta\u00f1a y cerveza minera - Cl\u00faster de Muntanya\" \/>\n<meta property=\"og:description\" content=\"La Diputaci\u00f3n de Girona, en coordinaci\u00f3n con otras instituciones catalanas que promueven el turismo interior, recomiendan este verano una ruta por los valles del Ripoll\u00e8s, el valle de Camprodon y el de Ribes para descubrir tanto las joyas del rom\u00e1nico del Pirineo, las actividades de escalada y de rutas a caballo como la cocina de monta\u00f1a. La califican de \u201cpropuesta...\" \/>\n<meta property=\"og:url\" content=\"https:\/\/clusterdemuntanya.cat\/es\/ruta-turistica-con-aires-de-montana-y-cerveza-minera\/\" \/>\n<meta property=\"og:site_name\" content=\"Cl\u00faster de Muntanya\" \/>\n<meta property=\"article:published_time\" content=\"2022-08-12T07:45:45+00:00\" \/>\n<meta property=\"article:modified_time\" content=\"2024-09-10T18:37:10+00:00\" \/>\n<meta property=\"og:image\" content=\"https:\/\/clusterdemuntanya.cat\/wp-content\/uploads\/2022\/08\/Actualitat_Foto_3.jpeg\" \/>\n\t<meta property=\"og:image:width\" content=\"840\" \/>\n\t<meta property=\"og:image:height\" content=\"440\" \/>\n\t<meta property=\"og:image:type\" content=\"image\/jpeg\" \/>\n<meta name=\"author\" content=\"admin\" \/>\n<meta name=\"twitter:card\" content=\"summary_large_image\" \/>\n<meta name=\"twitter:label1\" content=\"Escrito por\" \/>\n\t<meta name=\"twitter:data1\" content=\"admin\" \/>\n\t<meta name=\"twitter:label2\" content=\"Tiempo de lectura\" \/>\n\t<meta name=\"twitter:data2\" content=\"1 minuto\" \/>\n<script type=\"application\/ld+json\" class=\"yoast-schema-graph\">{\"@context\":\"https:\\\/\\\/schema.org\",\"@graph\":[{\"@type\":\"Article\",\"@id\":\"https:\\\/\\\/clusterdemuntanya.cat\\\/es\\\/ruta-turistica-con-aires-de-montana-y-cerveza-minera\\\/#article\",\"isPartOf\":{\"@id\":\"https:\\\/\\\/clusterdemuntanya.cat\\\/es\\\/ruta-turistica-con-aires-de-montana-y-cerveza-minera\\\/\"},\"author\":{\"name\":\"admin\",\"@id\":\"https:\\\/\\\/clusterdemuntanya.cat\\\/es\\\/#\\\/schema\\\/person\\\/8339ce04b67664997b6b85aa708ebf92\"},\"headline\":\"Ruta tur\u00edstica con aires de monta\u00f1a y cerveza minera\",\"datePublished\":\"2022-08-12T07:45:45+00:00\",\"dateModified\":\"2024-09-10T18:37:10+00:00\",\"mainEntityOfPage\":{\"@id\":\"https:\\\/\\\/clusterdemuntanya.cat\\\/es\\\/ruta-turistica-con-aires-de-montana-y-cerveza-minera\\\/\"},\"wordCount\":236,\"publisher\":{\"@id\":\"https:\\\/\\\/clusterdemuntanya.cat\\\/es\\\/#organization\"},\"image\":{\"@id\":\"https:\\\/\\\/clusterdemuntanya.cat\\\/es\\\/ruta-turistica-con-aires-de-montana-y-cerveza-minera\\\/#primaryimage\"},\"thumbnailUrl\":\"https:\\\/\\\/clusterdemuntanya.cat\\\/wp-content\\\/uploads\\\/2022\\\/08\\\/Actualitat_Foto_3.jpeg\",\"articleSection\":[\"Sin categorizar\"],\"inLanguage\":\"es\"},{\"@type\":\"WebPage\",\"@id\":\"https:\\\/\\\/clusterdemuntanya.cat\\\/es\\\/ruta-turistica-con-aires-de-montana-y-cerveza-minera\\\/\",\"url\":\"https:\\\/\\\/clusterdemuntanya.cat\\\/es\\\/ruta-turistica-con-aires-de-montana-y-cerveza-minera\\\/\",\"name\":\"Ruta tur\u00edstica con aires de monta\u00f1a y cerveza minera - Cl\u00faster de Muntanya\",\"isPartOf\":{\"@id\":\"https:\\\/\\\/clusterdemuntanya.cat\\\/es\\\/#website\"},\"primaryImageOfPage\":{\"@id\":\"https:\\\/\\\/clusterdemuntanya.cat\\\/es\\\/ruta-turistica-con-aires-de-montana-y-cerveza-minera\\\/#primaryimage\"},\"image\":{\"@id\":\"https:\\\/\\\/clusterdemuntanya.cat\\\/es\\\/ruta-turistica-con-aires-de-montana-y-cerveza-minera\\\/#primaryimage\"},\"thumbnailUrl\":\"https:\\\/\\\/clusterdemuntanya.cat\\\/wp-content\\\/uploads\\\/2022\\\/08\\\/Actualitat_Foto_3.jpeg\",\"datePublished\":\"2022-08-12T07:45:45+00:00\",\"dateModified\":\"2024-09-10T18:37:10+00:00\",\"breadcrumb\":{\"@id\":\"https:\\\/\\\/clusterdemuntanya.cat\\\/es\\\/ruta-turistica-con-aires-de-montana-y-cerveza-minera\\\/#breadcrumb\"},\"inLanguage\":\"es\",\"potentialAction\":[{\"@type\":\"ReadAction\",\"target\":[\"https:\\\/\\\/clusterdemuntanya.cat\\\/es\\\/ruta-turistica-con-aires-de-montana-y-cerveza-minera\\\/\"]}]},{\"@type\":\"ImageObject\",\"inLanguage\":\"es\",\"@id\":\"https:\\\/\\\/clusterdemuntanya.cat\\\/es\\\/ruta-turistica-con-aires-de-montana-y-cerveza-minera\\\/#primaryimage\",\"url\":\"https:\\\/\\\/clusterdemuntanya.cat\\\/wp-content\\\/uploads\\\/2022\\\/08\\\/Actualitat_Foto_3.jpeg\",\"contentUrl\":\"https:\\\/\\\/clusterdemuntanya.cat\\\/wp-content\\\/uploads\\\/2022\\\/08\\\/Actualitat_Foto_3.jpeg\",\"width\":840,\"height\":440},{\"@type\":\"BreadcrumbList\",\"@id\":\"https:\\\/\\\/clusterdemuntanya.cat\\\/es\\\/ruta-turistica-con-aires-de-montana-y-cerveza-minera\\\/#breadcrumb\",\"itemListElement\":[{\"@type\":\"ListItem\",\"position\":1,\"name\":\"Inici\",\"item\":\"https:\\\/\\\/clusterdemuntanya.cat\\\/es\\\/\"},{\"@type\":\"ListItem\",\"position\":2,\"name\":\"Ruta tur\u00edstica con aires de monta\u00f1a y cerveza minera\"}]},{\"@type\":\"WebSite\",\"@id\":\"https:\\\/\\\/clusterdemuntanya.cat\\\/es\\\/#website\",\"url\":\"https:\\\/\\\/clusterdemuntanya.cat\\\/es\\\/\",\"name\":\"Cl\u00faster de Muntanya\",\"description\":\"El Cl\u00faster Agroalimentari de Productes T\u00edpics de Muntanya\",\"publisher\":{\"@id\":\"https:\\\/\\\/clusterdemuntanya.cat\\\/es\\\/#organization\"},\"potentialAction\":[{\"@type\":\"SearchAction\",\"target\":{\"@type\":\"EntryPoint\",\"urlTemplate\":\"https:\\\/\\\/clusterdemuntanya.cat\\\/es\\\/?s={search_term_string}\"},\"query-input\":{\"@type\":\"PropertyValueSpecification\",\"valueRequired\":true,\"valueName\":\"search_term_string\"}}],\"inLanguage\":\"es\"},{\"@type\":\"Organization\",\"@id\":\"https:\\\/\\\/clusterdemuntanya.cat\\\/es\\\/#organization\",\"name\":\"Cl\u00faster de Muntanya\",\"url\":\"https:\\\/\\\/clusterdemuntanya.cat\\\/es\\\/\",\"logo\":{\"@type\":\"ImageObject\",\"inLanguage\":\"es\",\"@id\":\"https:\\\/\\\/clusterdemuntanya.cat\\\/es\\\/#\\\/schema\\\/logo\\\/image\\\/\",\"url\":\"https:\\\/\\\/clusterdemuntanya.cat\\\/wp-content\\\/uploads\\\/2022\\\/07\\\/logo-cluster-de-muntanya-2-horitzontal-25.png\",\"contentUrl\":\"https:\\\/\\\/clusterdemuntanya.cat\\\/wp-content\\\/uploads\\\/2022\\\/07\\\/logo-cluster-de-muntanya-2-horitzontal-25.png\",\"width\":1064,\"height\":298,\"caption\":\"Cl\u00faster de Muntanya\"},\"image\":{\"@id\":\"https:\\\/\\\/clusterdemuntanya.cat\\\/es\\\/#\\\/schema\\\/logo\\\/image\\\/\"}},{\"@type\":\"Person\",\"@id\":\"https:\\\/\\\/clusterdemuntanya.cat\\\/es\\\/#\\\/schema\\\/person\\\/8339ce04b67664997b6b85aa708ebf92\",\"name\":\"admin\",\"image\":{\"@type\":\"ImageObject\",\"inLanguage\":\"es\",\"@id\":\"https:\\\/\\\/secure.gravatar.com\\\/avatar\\\/e8f6402c77c03758b40801faa998033259be1dcff9eed45c17513c4b1444c7ac?s=96&d=mm&r=g\",\"url\":\"https:\\\/\\\/secure.gravatar.com\\\/avatar\\\/e8f6402c77c03758b40801faa998033259be1dcff9eed45c17513c4b1444c7ac?s=96&d=mm&r=g\",\"contentUrl\":\"https:\\\/\\\/secure.gravatar.com\\\/avatar\\\/e8f6402c77c03758b40801faa998033259be1dcff9eed45c17513c4b1444c7ac?s=96&d=mm&r=g\",\"caption\":\"admin\"},\"sameAs\":[\"https:\\\/\\\/clusterdemuntanya.cat\"],\"url\":\"https:\\\/\\\/clusterdemuntanya.cat\\\/es\\\/author\\\/fowardestudi_k9lt8nj1\\\/\"}]}<\/script>\n<!-- \/ Yoast SEO plugin. -->","yoast_head_json":{"title":"Ruta tur\u00edstica con aires de monta\u00f1a y cerveza minera - Cl\u00faster de Muntanya","robots":{"index":"index","follow":"follow","max-snippet":"max-snippet:-1","max-image-preview":"max-image-preview:large","max-video-preview":"max-video-preview:-1"},"canonical":"https:\/\/clusterdemuntanya.cat\/es\/ruta-turistica-con-aires-de-montana-y-cerveza-minera\/","og_locale":"es_ES","og_type":"article","og_title":"Ruta tur\u00edstica con aires de monta\u00f1a y cerveza minera - Cl\u00faster de Muntanya","og_description":"La Diputaci\u00f3n de Girona, en coordinaci\u00f3n con otras instituciones catalanas que promueven el turismo interior, recomiendan este verano una ruta por los valles del Ripoll\u00e8s, el valle de Camprodon y el de Ribes para descubrir tanto las joyas del rom\u00e1nico del Pirineo, las actividades de escalada y de rutas a caballo como la cocina de monta\u00f1a. La califican de \u201cpropuesta...","og_url":"https:\/\/clusterdemuntanya.cat\/es\/ruta-turistica-con-aires-de-montana-y-cerveza-minera\/","og_site_name":"Cl\u00faster de Muntanya","article_published_time":"2022-08-12T07:45:45+00:00","article_modified_time":"2024-09-10T18:37:10+00:00","og_image":[{"width":840,"height":440,"url":"https:\/\/clusterdemuntanya.cat\/wp-content\/uploads\/2022\/08\/Actualitat_Foto_3.jpeg","type":"image\/jpeg"}],"author":"admin","twitter_card":"summary_large_image","twitter_misc":{"Escrito por":"admin","Tiempo de lectura":"1 minuto"},"schema":{"@context":"https:\/\/schema.org","@graph":[{"@type":"Article","@id":"https:\/\/clusterdemuntanya.cat\/es\/ruta-turistica-con-aires-de-montana-y-cerveza-minera\/#article","isPartOf":{"@id":"https:\/\/clusterdemuntanya.cat\/es\/ruta-turistica-con-aires-de-montana-y-cerveza-minera\/"},"author":{"name":"admin","@id":"https:\/\/clusterdemuntanya.cat\/es\/#\/schema\/person\/8339ce04b67664997b6b85aa708ebf92"},"headline":"Ruta tur\u00edstica con aires de monta\u00f1a y cerveza minera","datePublished":"2022-08-12T07:45:45+00:00","dateModified":"2024-09-10T18:37:10+00:00","mainEntityOfPage":{"@id":"https:\/\/clusterdemuntanya.cat\/es\/ruta-turistica-con-aires-de-montana-y-cerveza-minera\/"},"wordCount":236,"publisher":{"@id":"https:\/\/clusterdemuntanya.cat\/es\/#organization"},"image":{"@id":"https:\/\/clusterdemuntanya.cat\/es\/ruta-turistica-con-aires-de-montana-y-cerveza-minera\/#primaryimage"},"thumbnailUrl":"https:\/\/clusterdemuntanya.cat\/wp-content\/uploads\/2022\/08\/Actualitat_Foto_3.jpeg","articleSection":["Sin categorizar"],"inLanguage":"es"},{"@type":"WebPage","@id":"https:\/\/clusterdemuntanya.cat\/es\/ruta-turistica-con-aires-de-montana-y-cerveza-minera\/","url":"https:\/\/clusterdemuntanya.cat\/es\/ruta-turistica-con-aires-de-montana-y-cerveza-minera\/","name":"Ruta tur\u00edstica con aires de monta\u00f1a y cerveza minera - Cl\u00faster de Muntanya","isPartOf":{"@id":"https:\/\/clusterdemuntanya.cat\/es\/#website"},"primaryImageOfPage":{"@id":"https:\/\/clusterdemuntanya.cat\/es\/ruta-turistica-con-aires-de-montana-y-cerveza-minera\/#primaryimage"},"image":{"@id":"https:\/\/clusterdemuntanya.cat\/es\/ruta-turistica-con-aires-de-montana-y-cerveza-minera\/#primaryimage"},"thumbnailUrl":"https:\/\/clusterdemuntanya.cat\/wp-content\/uploads\/2022\/08\/Actualitat_Foto_3.jpeg","datePublished":"2022-08-12T07:45:45+00:00","dateModified":"2024-09-10T18:37:10+00:00","breadcrumb":{"@id":"https:\/\/clusterdemuntanya.cat\/es\/ruta-turistica-con-aires-de-montana-y-cerveza-minera\/#breadcrumb"},"inLanguage":"es","potentialAction":[{"@type":"ReadAction","target":["https:\/\/clusterdemuntanya.cat\/es\/ruta-turistica-con-aires-de-montana-y-cerveza-minera\/"]}]},{"@type":"ImageObject","inLanguage":"es","@id":"https:\/\/clusterdemuntanya.cat\/es\/ruta-turistica-con-aires-de-montana-y-cerveza-minera\/#primaryimage","url":"https:\/\/clusterdemuntanya.cat\/wp-content\/uploads\/2022\/08\/Actualitat_Foto_3.jpeg","contentUrl":"https:\/\/clusterdemuntanya.cat\/wp-content\/uploads\/2022\/08\/Actualitat_Foto_3.jpeg","width":840,"height":440},{"@type":"BreadcrumbList","@id":"https:\/\/clusterdemuntanya.cat\/es\/ruta-turistica-con-aires-de-montana-y-cerveza-minera\/#breadcrumb","itemListElement":[{"@type":"ListItem","position":1,"name":"Inici","item":"https:\/\/clusterdemuntanya.cat\/es\/"},{"@type":"ListItem","position":2,"name":"Ruta tur\u00edstica con aires de monta\u00f1a y cerveza minera"}]},{"@type":"WebSite","@id":"https:\/\/clusterdemuntanya.cat\/es\/#website","url":"https:\/\/clusterdemuntanya.cat\/es\/","name":"Cl\u00faster de Muntanya","description":"El Cl\u00faster Agroalimentari de Productes T\u00edpics de Muntanya","publisher":{"@id":"https:\/\/clusterdemuntanya.cat\/es\/#organization"},"potentialAction":[{"@type":"SearchAction","target":{"@type":"EntryPoint","urlTemplate":"https:\/\/clusterdemuntanya.cat\/es\/?s={search_term_string}"},"query-input":{"@type":"PropertyValueSpecification","valueRequired":true,"valueName":"search_term_string"}}],"inLanguage":"es"},{"@type":"Organization","@id":"https:\/\/clusterdemuntanya.cat\/es\/#organization","name":"Cl\u00faster de Muntanya","url":"https:\/\/clusterdemuntanya.cat\/es\/","logo":{"@type":"ImageObject","inLanguage":"es","@id":"https:\/\/clusterdemuntanya.cat\/es\/#\/schema\/logo\/image\/","url":"https:\/\/clusterdemuntanya.cat\/wp-content\/uploads\/2022\/07\/logo-cluster-de-muntanya-2-horitzontal-25.png","contentUrl":"https:\/\/clusterdemuntanya.cat\/wp-content\/uploads\/2022\/07\/logo-cluster-de-muntanya-2-horitzontal-25.png","width":1064,"height":298,"caption":"Cl\u00faster de Muntanya"},"image":{"@id":"https:\/\/clusterdemuntanya.cat\/es\/#\/schema\/logo\/image\/"}},{"@type":"Person","@id":"https:\/\/clusterdemuntanya.cat\/es\/#\/schema\/person\/8339ce04b67664997b6b85aa708ebf92","name":"admin","image":{"@type":"ImageObject","inLanguage":"es","@id":"https:\/\/secure.gravatar.com\/avatar\/e8f6402c77c03758b40801faa998033259be1dcff9eed45c17513c4b1444c7ac?s=96&d=mm&r=g","url":"https:\/\/secure.gravatar.com\/avatar\/e8f6402c77c03758b40801faa998033259be1dcff9eed45c17513c4b1444c7ac?s=96&d=mm&r=g","contentUrl":"https:\/\/secure.gravatar.com\/avatar\/e8f6402c77c03758b40801faa998033259be1dcff9eed45c17513c4b1444c7ac?s=96&d=mm&r=g","caption":"admin"},"sameAs":["https:\/\/clusterdemuntanya.cat"],"url":"https:\/\/clusterdemuntanya.cat\/es\/author\/fowardestudi_k9lt8nj1\/"}]}},"_links":{"self":[{"href":"https:\/\/clusterdemuntanya.cat\/es\/wp-json\/wp\/v2\/posts\/1545","targetHints":{"allow":["GET"]}}],"collection":[{"href":"https:\/\/clusterdemuntanya.cat\/es\/wp-json\/wp\/v2\/posts"}],"about":[{"href":"https:\/\/clusterdemuntanya.cat\/es\/wp-json\/wp\/v2\/types\/post"}],"author":[{"embeddable":true,"href":"https:\/\/clusterdemuntanya.cat\/es\/wp-json\/wp\/v2\/users\/1"}],"replies":[{"embeddable":true,"href":"https:\/\/clusterdemuntanya.cat\/es\/wp-json\/wp\/v2\/comments?post=1545"}],"version-history":[{"count":1,"href":"https:\/\/clusterdemuntanya.cat\/es\/wp-json\/wp\/v2\/posts\/1545\/revisions"}],"predecessor-version":[{"id":1546,"href":"https:\/\/clusterdemuntanya.cat\/es\/wp-json\/wp\/v2\/posts\/1545\/revisions\/1546"}],"wp:featuredmedia":[{"embeddable":true,"href":"https:\/\/clusterdemuntanya.cat\/es\/wp-json\/wp\/v2\/media\/1205"}],"wp:attachment":[{"href":"https:\/\/clusterdemuntanya.cat\/es\/wp-json\/wp\/v2\/media?parent=1545"}],"wp:term":[{"taxonomy":"category","embeddable":true,"href":"https:\/\/clusterdemuntanya.cat\/es\/wp-json\/wp\/v2\/categories?post=1545"},{"taxonomy":"post_tag","embeddable":true,"href":"https:\/\/clusterdemuntanya.cat\/es\/wp-json\/wp\/v2\/tags?post=1545"}],"curies":[{"name":"wp","href":"https:\/\/api.w.org\/{rel}","templated":true}]}}