{"id":1547,"date":"2022-08-12T09:44:55","date_gmt":"2022-08-12T07:44:55","guid":{"rendered":"https:\/\/clusterdemuntanya.cat\/el-programa-a-tu-gusto-sigue-impulsando-la-innovacion-empresarial-en-el-territorio-de-montana-del-pallars\/"},"modified":"2024-09-10T20:37:10","modified_gmt":"2024-09-10T18:37:10","slug":"el-programa-a-tu-gusto-sigue-impulsando-la-innovacion-empresarial-en-el-territorio-de-montana-del-pallars","status":"publish","type":"post","link":"https:\/\/clusterdemuntanya.cat\/es\/el-programa-a-tu-gusto-sigue-impulsando-la-innovacion-empresarial-en-el-territorio-de-montana-del-pallars\/","title":{"rendered":"El programa \u201cA tu gusto\u201d sigue impulsando la innovaci\u00f3n empresarial en el territorio de monta\u00f1a del Pallars"},"content":{"rendered":"\n<p>El Ayuntamiento de Tremp y la Fundaci\u00f3 Al\u00edcia siguen un a\u00f1o m\u00e1s desarrollando el proyecto \u201cA tu gusto\u201d (ATGPallars), que tiene por objetivo impulsar la innovaci\u00f3n en el sector agroalimentario y de la restauraci\u00f3n en el territorio rural y de monta\u00f1a del Pallars. El programa incluye un servicio de asesoramiento para las empresas que deseen innovar creando nuevos productos o mejorando sus procesos de producci\u00f3n. En 2021 optaron tres empresas del Alt Pirineu y Aran.  <\/p>\n\n<p>Los impulsores del programa centran gran parte de sus esfuerzos en reforzar y fomentar la cooperaci\u00f3n en tres sectores estrat\u00e9gicos por el territorio de monta\u00f1a: el vitivin\u00edcola, el ole\u00edcola y el de la restauraci\u00f3n. En el \u00e1mbito vin\u00edcola, desde 2013, la ATGPallars ha iniciado una serie de l\u00edneas de trabajo que han permitido que actualmente se hayan consolidado hasta una docena de bodegas en esta zona, integrada en la DO Costers del Segre. En cuanto al sector del aceite, las condiciones climatol\u00f3gicas del Pallars Juss\u00e0 se encuentran en el l\u00edmite de lo que permite el cultivo del olivo. Es precisamente esa circunstancia lo que define las caracter\u00edsticas de sus aceites. Por \u00faltimo, la implicaci\u00f3n de los restauradores y la cooperaci\u00f3n entre el programa ATGPallars y la Asociaci\u00f3n APAT de profesionales tur\u00edsticos ha sido clave para hacer posible eventos como la Pallars Food Fest, el Festival Cordev\u00ed o el proyecto de investigaci\u00f3n Cocina de Bosque.    <\/p>\n","protected":false},"excerpt":{"rendered":"<p>El Ayuntamiento de Tremp y la Fundaci\u00f3 Al\u00edcia siguen un a\u00f1o m\u00e1s desarrollando el proyecto \u201cA tu gusto\u201d (AT-GPallars), que tiene por objetivo impulsar la innovaci\u00f3n en el sector agroalimentario y de la restauraci\u00f3n en el territorio rural y de monta\u00f1a del Pallars &#8230;<\/p>\n","protected":false},"author":1,"featured_media":1204,"comment_status":"closed","ping_status":"closed","sticky":false,"template":"","format":"standard","meta":{"footnotes":""},"categories":[74],"tags":[],"class_list":["post-1547","post","type-post","status-publish","format-standard","has-post-thumbnail","hentry","category-sin-categorizar"],"yoast_head":"<!-- This site is optimized with the Yoast SEO plugin v27.5 - https:\/\/yoast.com\/product\/yoast-seo-wordpress\/ -->\n<title>El programa \u201cA tu gusto\u201d sigue impulsando la innovaci\u00f3n empresarial en el territorio de monta\u00f1a del Pallars - Cl\u00faster de Muntanya<\/title>\n<meta name=\"robots\" content=\"index, follow, max-snippet:-1, max-image-preview:large, max-video-preview:-1\" \/>\n<link rel=\"canonical\" href=\"https:\/\/clusterdemuntanya.cat\/es\/el-programa-a-tu-gusto-sigue-impulsando-la-innovacion-empresarial-en-el-territorio-de-montana-del-pallars\/\" \/>\n<meta property=\"og:locale\" content=\"es_ES\" \/>\n<meta property=\"og:type\" content=\"article\" \/>\n<meta property=\"og:title\" content=\"El programa \u201cA tu gusto\u201d sigue impulsando la innovaci\u00f3n empresarial en el territorio de monta\u00f1a del Pallars - Cl\u00faster de Muntanya\" \/>\n<meta property=\"og:description\" content=\"El Ayuntamiento de Tremp y la Fundaci\u00f3 Al\u00edcia siguen un a\u00f1o m\u00e1s desarrollando el proyecto \u201cA tu gusto\u201d (AT-GPallars), que tiene por objetivo impulsar la innovaci\u00f3n en el sector agroalimentario y de la restauraci\u00f3n en el territorio rural y de monta\u00f1a del Pallars ...\" \/>\n<meta property=\"og:url\" content=\"https:\/\/clusterdemuntanya.cat\/es\/el-programa-a-tu-gusto-sigue-impulsando-la-innovacion-empresarial-en-el-territorio-de-montana-del-pallars\/\" \/>\n<meta property=\"og:site_name\" content=\"Cl\u00faster de Muntanya\" \/>\n<meta property=\"article:published_time\" content=\"2022-08-12T07:44:55+00:00\" \/>\n<meta property=\"article:modified_time\" content=\"2024-09-10T18:37:10+00:00\" \/>\n<meta property=\"og:image\" content=\"https:\/\/clusterdemuntanya.cat\/wp-content\/uploads\/2022\/08\/ACTUALITAT.-FOTO-2.jpeg\" \/>\n\t<meta property=\"og:image:width\" content=\"1024\" \/>\n\t<meta property=\"og:image:height\" content=\"670\" \/>\n\t<meta property=\"og:image:type\" content=\"image\/jpeg\" \/>\n<meta name=\"author\" content=\"admin\" \/>\n<meta name=\"twitter:card\" content=\"summary_large_image\" \/>\n<meta name=\"twitter:label1\" content=\"Escrito por\" \/>\n\t<meta name=\"twitter:data1\" content=\"admin\" \/>\n\t<meta name=\"twitter:label2\" content=\"Tiempo de lectura\" \/>\n\t<meta name=\"twitter:data2\" content=\"1 minuto\" \/>\n<script type=\"application\/ld+json\" class=\"yoast-schema-graph\">{\"@context\":\"https:\\\/\\\/schema.org\",\"@graph\":[{\"@type\":\"Article\",\"@id\":\"https:\\\/\\\/clusterdemuntanya.cat\\\/es\\\/el-programa-a-tu-gusto-sigue-impulsando-la-innovacion-empresarial-en-el-territorio-de-montana-del-pallars\\\/#article\",\"isPartOf\":{\"@id\":\"https:\\\/\\\/clusterdemuntanya.cat\\\/es\\\/el-programa-a-tu-gusto-sigue-impulsando-la-innovacion-empresarial-en-el-territorio-de-montana-del-pallars\\\/\"},\"author\":{\"name\":\"admin\",\"@id\":\"https:\\\/\\\/clusterdemuntanya.cat\\\/es\\\/#\\\/schema\\\/person\\\/8339ce04b67664997b6b85aa708ebf92\"},\"headline\":\"El programa \u201cA tu gusto\u201d sigue impulsando la innovaci\u00f3n empresarial en el territorio de monta\u00f1a del Pallars\",\"datePublished\":\"2022-08-12T07:44:55+00:00\",\"dateModified\":\"2024-09-10T18:37:10+00:00\",\"mainEntityOfPage\":{\"@id\":\"https:\\\/\\\/clusterdemuntanya.cat\\\/es\\\/el-programa-a-tu-gusto-sigue-impulsando-la-innovacion-empresarial-en-el-territorio-de-montana-del-pallars\\\/\"},\"wordCount\":269,\"publisher\":{\"@id\":\"https:\\\/\\\/clusterdemuntanya.cat\\\/es\\\/#organization\"},\"image\":{\"@id\":\"https:\\\/\\\/clusterdemuntanya.cat\\\/es\\\/el-programa-a-tu-gusto-sigue-impulsando-la-innovacion-empresarial-en-el-territorio-de-montana-del-pallars\\\/#primaryimage\"},\"thumbnailUrl\":\"https:\\\/\\\/clusterdemuntanya.cat\\\/wp-content\\\/uploads\\\/2022\\\/08\\\/ACTUALITAT.-FOTO-2.jpeg\",\"articleSection\":[\"Sin categorizar\"],\"inLanguage\":\"es\"},{\"@type\":\"WebPage\",\"@id\":\"https:\\\/\\\/clusterdemuntanya.cat\\\/es\\\/el-programa-a-tu-gusto-sigue-impulsando-la-innovacion-empresarial-en-el-territorio-de-montana-del-pallars\\\/\",\"url\":\"https:\\\/\\\/clusterdemuntanya.cat\\\/es\\\/el-programa-a-tu-gusto-sigue-impulsando-la-innovacion-empresarial-en-el-territorio-de-montana-del-pallars\\\/\",\"name\":\"El programa \u201cA tu gusto\u201d sigue impulsando la innovaci\u00f3n empresarial en el territorio de monta\u00f1a del Pallars - Cl\u00faster de Muntanya\",\"isPartOf\":{\"@id\":\"https:\\\/\\\/clusterdemuntanya.cat\\\/es\\\/#website\"},\"primaryImageOfPage\":{\"@id\":\"https:\\\/\\\/clusterdemuntanya.cat\\\/es\\\/el-programa-a-tu-gusto-sigue-impulsando-la-innovacion-empresarial-en-el-territorio-de-montana-del-pallars\\\/#primaryimage\"},\"image\":{\"@id\":\"https:\\\/\\\/clusterdemuntanya.cat\\\/es\\\/el-programa-a-tu-gusto-sigue-impulsando-la-innovacion-empresarial-en-el-territorio-de-montana-del-pallars\\\/#primaryimage\"},\"thumbnailUrl\":\"https:\\\/\\\/clusterdemuntanya.cat\\\/wp-content\\\/uploads\\\/2022\\\/08\\\/ACTUALITAT.-FOTO-2.jpeg\",\"datePublished\":\"2022-08-12T07:44:55+00:00\",\"dateModified\":\"2024-09-10T18:37:10+00:00\",\"breadcrumb\":{\"@id\":\"https:\\\/\\\/clusterdemuntanya.cat\\\/es\\\/el-programa-a-tu-gusto-sigue-impulsando-la-innovacion-empresarial-en-el-territorio-de-montana-del-pallars\\\/#breadcrumb\"},\"inLanguage\":\"es\",\"potentialAction\":[{\"@type\":\"ReadAction\",\"target\":[\"https:\\\/\\\/clusterdemuntanya.cat\\\/es\\\/el-programa-a-tu-gusto-sigue-impulsando-la-innovacion-empresarial-en-el-territorio-de-montana-del-pallars\\\/\"]}]},{\"@type\":\"ImageObject\",\"inLanguage\":\"es\",\"@id\":\"https:\\\/\\\/clusterdemuntanya.cat\\\/es\\\/el-programa-a-tu-gusto-sigue-impulsando-la-innovacion-empresarial-en-el-territorio-de-montana-del-pallars\\\/#primaryimage\",\"url\":\"https:\\\/\\\/clusterdemuntanya.cat\\\/wp-content\\\/uploads\\\/2022\\\/08\\\/ACTUALITAT.-FOTO-2.jpeg\",\"contentUrl\":\"https:\\\/\\\/clusterdemuntanya.cat\\\/wp-content\\\/uploads\\\/2022\\\/08\\\/ACTUALITAT.-FOTO-2.jpeg\",\"width\":1024,\"height\":670},{\"@type\":\"BreadcrumbList\",\"@id\":\"https:\\\/\\\/clusterdemuntanya.cat\\\/es\\\/el-programa-a-tu-gusto-sigue-impulsando-la-innovacion-empresarial-en-el-territorio-de-montana-del-pallars\\\/#breadcrumb\",\"itemListElement\":[{\"@type\":\"ListItem\",\"position\":1,\"name\":\"Inici\",\"item\":\"https:\\\/\\\/clusterdemuntanya.cat\\\/es\\\/\"},{\"@type\":\"ListItem\",\"position\":2,\"name\":\"El programa \u201cA tu gusto\u201d sigue impulsando la innovaci\u00f3n empresarial en el territorio de monta\u00f1a del Pallars\"}]},{\"@type\":\"WebSite\",\"@id\":\"https:\\\/\\\/clusterdemuntanya.cat\\\/es\\\/#website\",\"url\":\"https:\\\/\\\/clusterdemuntanya.cat\\\/es\\\/\",\"name\":\"Cl\u00faster de Muntanya\",\"description\":\"El Cl\u00faster Agroalimentari de Productes T\u00edpics de Muntanya\",\"publisher\":{\"@id\":\"https:\\\/\\\/clusterdemuntanya.cat\\\/es\\\/#organization\"},\"potentialAction\":[{\"@type\":\"SearchAction\",\"target\":{\"@type\":\"EntryPoint\",\"urlTemplate\":\"https:\\\/\\\/clusterdemuntanya.cat\\\/es\\\/?s={search_term_string}\"},\"query-input\":{\"@type\":\"PropertyValueSpecification\",\"valueRequired\":true,\"valueName\":\"search_term_string\"}}],\"inLanguage\":\"es\"},{\"@type\":\"Organization\",\"@id\":\"https:\\\/\\\/clusterdemuntanya.cat\\\/es\\\/#organization\",\"name\":\"Cl\u00faster de Muntanya\",\"url\":\"https:\\\/\\\/clusterdemuntanya.cat\\\/es\\\/\",\"logo\":{\"@type\":\"ImageObject\",\"inLanguage\":\"es\",\"@id\":\"https:\\\/\\\/clusterdemuntanya.cat\\\/es\\\/#\\\/schema\\\/logo\\\/image\\\/\",\"url\":\"https:\\\/\\\/clusterdemuntanya.cat\\\/wp-content\\\/uploads\\\/2022\\\/07\\\/logo-cluster-de-muntanya-2-horitzontal-25.png\",\"contentUrl\":\"https:\\\/\\\/clusterdemuntanya.cat\\\/wp-content\\\/uploads\\\/2022\\\/07\\\/logo-cluster-de-muntanya-2-horitzontal-25.png\",\"width\":1064,\"height\":298,\"caption\":\"Cl\u00faster de Muntanya\"},\"image\":{\"@id\":\"https:\\\/\\\/clusterdemuntanya.cat\\\/es\\\/#\\\/schema\\\/logo\\\/image\\\/\"}},{\"@type\":\"Person\",\"@id\":\"https:\\\/\\\/clusterdemuntanya.cat\\\/es\\\/#\\\/schema\\\/person\\\/8339ce04b67664997b6b85aa708ebf92\",\"name\":\"admin\",\"image\":{\"@type\":\"ImageObject\",\"inLanguage\":\"es\",\"@id\":\"https:\\\/\\\/secure.gravatar.com\\\/avatar\\\/e8f6402c77c03758b40801faa998033259be1dcff9eed45c17513c4b1444c7ac?s=96&d=mm&r=g\",\"url\":\"https:\\\/\\\/secure.gravatar.com\\\/avatar\\\/e8f6402c77c03758b40801faa998033259be1dcff9eed45c17513c4b1444c7ac?s=96&d=mm&r=g\",\"contentUrl\":\"https:\\\/\\\/secure.gravatar.com\\\/avatar\\\/e8f6402c77c03758b40801faa998033259be1dcff9eed45c17513c4b1444c7ac?s=96&d=mm&r=g\",\"caption\":\"admin\"},\"sameAs\":[\"https:\\\/\\\/clusterdemuntanya.cat\"],\"url\":\"https:\\\/\\\/clusterdemuntanya.cat\\\/es\\\/author\\\/fowardestudi_k9lt8nj1\\\/\"}]}<\/script>\n<!-- \/ Yoast SEO plugin. -->","yoast_head_json":{"title":"El programa \u201cA tu gusto\u201d sigue impulsando la innovaci\u00f3n empresarial en el territorio de monta\u00f1a del Pallars - Cl\u00faster de Muntanya","robots":{"index":"index","follow":"follow","max-snippet":"max-snippet:-1","max-image-preview":"max-image-preview:large","max-video-preview":"max-video-preview:-1"},"canonical":"https:\/\/clusterdemuntanya.cat\/es\/el-programa-a-tu-gusto-sigue-impulsando-la-innovacion-empresarial-en-el-territorio-de-montana-del-pallars\/","og_locale":"es_ES","og_type":"article","og_title":"El programa \u201cA tu gusto\u201d sigue impulsando la innovaci\u00f3n empresarial en el territorio de monta\u00f1a del Pallars - Cl\u00faster de Muntanya","og_description":"El Ayuntamiento de Tremp y la Fundaci\u00f3 Al\u00edcia siguen un a\u00f1o m\u00e1s desarrollando el proyecto \u201cA tu gusto\u201d (AT-GPallars), que tiene por objetivo impulsar la innovaci\u00f3n en el sector agroalimentario y de la restauraci\u00f3n en el territorio rural y de monta\u00f1a del Pallars ...","og_url":"https:\/\/clusterdemuntanya.cat\/es\/el-programa-a-tu-gusto-sigue-impulsando-la-innovacion-empresarial-en-el-territorio-de-montana-del-pallars\/","og_site_name":"Cl\u00faster de Muntanya","article_published_time":"2022-08-12T07:44:55+00:00","article_modified_time":"2024-09-10T18:37:10+00:00","og_image":[{"width":1024,"height":670,"url":"https:\/\/clusterdemuntanya.cat\/wp-content\/uploads\/2022\/08\/ACTUALITAT.-FOTO-2.jpeg","type":"image\/jpeg"}],"author":"admin","twitter_card":"summary_large_image","twitter_misc":{"Escrito por":"admin","Tiempo de lectura":"1 minuto"},"schema":{"@context":"https:\/\/schema.org","@graph":[{"@type":"Article","@id":"https:\/\/clusterdemuntanya.cat\/es\/el-programa-a-tu-gusto-sigue-impulsando-la-innovacion-empresarial-en-el-territorio-de-montana-del-pallars\/#article","isPartOf":{"@id":"https:\/\/clusterdemuntanya.cat\/es\/el-programa-a-tu-gusto-sigue-impulsando-la-innovacion-empresarial-en-el-territorio-de-montana-del-pallars\/"},"author":{"name":"admin","@id":"https:\/\/clusterdemuntanya.cat\/es\/#\/schema\/person\/8339ce04b67664997b6b85aa708ebf92"},"headline":"El programa \u201cA tu gusto\u201d sigue impulsando la innovaci\u00f3n empresarial en el territorio de monta\u00f1a del Pallars","datePublished":"2022-08-12T07:44:55+00:00","dateModified":"2024-09-10T18:37:10+00:00","mainEntityOfPage":{"@id":"https:\/\/clusterdemuntanya.cat\/es\/el-programa-a-tu-gusto-sigue-impulsando-la-innovacion-empresarial-en-el-territorio-de-montana-del-pallars\/"},"wordCount":269,"publisher":{"@id":"https:\/\/clusterdemuntanya.cat\/es\/#organization"},"image":{"@id":"https:\/\/clusterdemuntanya.cat\/es\/el-programa-a-tu-gusto-sigue-impulsando-la-innovacion-empresarial-en-el-territorio-de-montana-del-pallars\/#primaryimage"},"thumbnailUrl":"https:\/\/clusterdemuntanya.cat\/wp-content\/uploads\/2022\/08\/ACTUALITAT.-FOTO-2.jpeg","articleSection":["Sin categorizar"],"inLanguage":"es"},{"@type":"WebPage","@id":"https:\/\/clusterdemuntanya.cat\/es\/el-programa-a-tu-gusto-sigue-impulsando-la-innovacion-empresarial-en-el-territorio-de-montana-del-pallars\/","url":"https:\/\/clusterdemuntanya.cat\/es\/el-programa-a-tu-gusto-sigue-impulsando-la-innovacion-empresarial-en-el-territorio-de-montana-del-pallars\/","name":"El programa \u201cA tu gusto\u201d sigue impulsando la innovaci\u00f3n empresarial en el territorio de monta\u00f1a del Pallars - Cl\u00faster de Muntanya","isPartOf":{"@id":"https:\/\/clusterdemuntanya.cat\/es\/#website"},"primaryImageOfPage":{"@id":"https:\/\/clusterdemuntanya.cat\/es\/el-programa-a-tu-gusto-sigue-impulsando-la-innovacion-empresarial-en-el-territorio-de-montana-del-pallars\/#primaryimage"},"image":{"@id":"https:\/\/clusterdemuntanya.cat\/es\/el-programa-a-tu-gusto-sigue-impulsando-la-innovacion-empresarial-en-el-territorio-de-montana-del-pallars\/#primaryimage"},"thumbnailUrl":"https:\/\/clusterdemuntanya.cat\/wp-content\/uploads\/2022\/08\/ACTUALITAT.-FOTO-2.jpeg","datePublished":"2022-08-12T07:44:55+00:00","dateModified":"2024-09-10T18:37:10+00:00","breadcrumb":{"@id":"https:\/\/clusterdemuntanya.cat\/es\/el-programa-a-tu-gusto-sigue-impulsando-la-innovacion-empresarial-en-el-territorio-de-montana-del-pallars\/#breadcrumb"},"inLanguage":"es","potentialAction":[{"@type":"ReadAction","target":["https:\/\/clusterdemuntanya.cat\/es\/el-programa-a-tu-gusto-sigue-impulsando-la-innovacion-empresarial-en-el-territorio-de-montana-del-pallars\/"]}]},{"@type":"ImageObject","inLanguage":"es","@id":"https:\/\/clusterdemuntanya.cat\/es\/el-programa-a-tu-gusto-sigue-impulsando-la-innovacion-empresarial-en-el-territorio-de-montana-del-pallars\/#primaryimage","url":"https:\/\/clusterdemuntanya.cat\/wp-content\/uploads\/2022\/08\/ACTUALITAT.-FOTO-2.jpeg","contentUrl":"https:\/\/clusterdemuntanya.cat\/wp-content\/uploads\/2022\/08\/ACTUALITAT.-FOTO-2.jpeg","width":1024,"height":670},{"@type":"BreadcrumbList","@id":"https:\/\/clusterdemuntanya.cat\/es\/el-programa-a-tu-gusto-sigue-impulsando-la-innovacion-empresarial-en-el-territorio-de-montana-del-pallars\/#breadcrumb","itemListElement":[{"@type":"ListItem","position":1,"name":"Inici","item":"https:\/\/clusterdemuntanya.cat\/es\/"},{"@type":"ListItem","position":2,"name":"El programa \u201cA tu gusto\u201d sigue impulsando la innovaci\u00f3n empresarial en el territorio de monta\u00f1a del Pallars"}]},{"@type":"WebSite","@id":"https:\/\/clusterdemuntanya.cat\/es\/#website","url":"https:\/\/clusterdemuntanya.cat\/es\/","name":"Cl\u00faster de Muntanya","description":"El Cl\u00faster Agroalimentari de Productes T\u00edpics de Muntanya","publisher":{"@id":"https:\/\/clusterdemuntanya.cat\/es\/#organization"},"potentialAction":[{"@type":"SearchAction","target":{"@type":"EntryPoint","urlTemplate":"https:\/\/clusterdemuntanya.cat\/es\/?s={search_term_string}"},"query-input":{"@type":"PropertyValueSpecification","valueRequired":true,"valueName":"search_term_string"}}],"inLanguage":"es"},{"@type":"Organization","@id":"https:\/\/clusterdemuntanya.cat\/es\/#organization","name":"Cl\u00faster de Muntanya","url":"https:\/\/clusterdemuntanya.cat\/es\/","logo":{"@type":"ImageObject","inLanguage":"es","@id":"https:\/\/clusterdemuntanya.cat\/es\/#\/schema\/logo\/image\/","url":"https:\/\/clusterdemuntanya.cat\/wp-content\/uploads\/2022\/07\/logo-cluster-de-muntanya-2-horitzontal-25.png","contentUrl":"https:\/\/clusterdemuntanya.cat\/wp-content\/uploads\/2022\/07\/logo-cluster-de-muntanya-2-horitzontal-25.png","width":1064,"height":298,"caption":"Cl\u00faster de Muntanya"},"image":{"@id":"https:\/\/clusterdemuntanya.cat\/es\/#\/schema\/logo\/image\/"}},{"@type":"Person","@id":"https:\/\/clusterdemuntanya.cat\/es\/#\/schema\/person\/8339ce04b67664997b6b85aa708ebf92","name":"admin","image":{"@type":"ImageObject","inLanguage":"es","@id":"https:\/\/secure.gravatar.com\/avatar\/e8f6402c77c03758b40801faa998033259be1dcff9eed45c17513c4b1444c7ac?s=96&d=mm&r=g","url":"https:\/\/secure.gravatar.com\/avatar\/e8f6402c77c03758b40801faa998033259be1dcff9eed45c17513c4b1444c7ac?s=96&d=mm&r=g","contentUrl":"https:\/\/secure.gravatar.com\/avatar\/e8f6402c77c03758b40801faa998033259be1dcff9eed45c17513c4b1444c7ac?s=96&d=mm&r=g","caption":"admin"},"sameAs":["https:\/\/clusterdemuntanya.cat"],"url":"https:\/\/clusterdemuntanya.cat\/es\/author\/fowardestudi_k9lt8nj1\/"}]}},"_links":{"self":[{"href":"https:\/\/clusterdemuntanya.cat\/es\/wp-json\/wp\/v2\/posts\/1547","targetHints":{"allow":["GET"]}}],"collection":[{"href":"https:\/\/clusterdemuntanya.cat\/es\/wp-json\/wp\/v2\/posts"}],"about":[{"href":"https:\/\/clusterdemuntanya.cat\/es\/wp-json\/wp\/v2\/types\/post"}],"author":[{"embeddable":true,"href":"https:\/\/clusterdemuntanya.cat\/es\/wp-json\/wp\/v2\/users\/1"}],"replies":[{"embeddable":true,"href":"https:\/\/clusterdemuntanya.cat\/es\/wp-json\/wp\/v2\/comments?post=1547"}],"version-history":[{"count":1,"href":"https:\/\/clusterdemuntanya.cat\/es\/wp-json\/wp\/v2\/posts\/1547\/revisions"}],"predecessor-version":[{"id":1549,"href":"https:\/\/clusterdemuntanya.cat\/es\/wp-json\/wp\/v2\/posts\/1547\/revisions\/1549"}],"wp:featuredmedia":[{"embeddable":true,"href":"https:\/\/clusterdemuntanya.cat\/es\/wp-json\/wp\/v2\/media\/1204"}],"wp:attachment":[{"href":"https:\/\/clusterdemuntanya.cat\/es\/wp-json\/wp\/v2\/media?parent=1547"}],"wp:term":[{"taxonomy":"category","embeddable":true,"href":"https:\/\/clusterdemuntanya.cat\/es\/wp-json\/wp\/v2\/categories?post=1547"},{"taxonomy":"post_tag","embeddable":true,"href":"https:\/\/clusterdemuntanya.cat\/es\/wp-json\/wp\/v2\/tags?post=1547"}],"curies":[{"name":"wp","href":"https:\/\/api.w.org\/{rel}","templated":true}]}}