{"id":1550,"date":"2022-07-04T14:56:03","date_gmt":"2022-07-04T12:56:03","guid":{"rendered":"https:\/\/clusterdemuntanya.cat\/la-fruta-nueva-arma-para-evitar-que-los-huesos-ataquen-los-rebanos\/"},"modified":"2024-09-10T20:37:10","modified_gmt":"2024-09-10T18:37:10","slug":"la-fruta-nueva-arma-para-evitar-que-los-huesos-ataquen-los-rebanos","status":"publish","type":"post","link":"https:\/\/clusterdemuntanya.cat\/es\/la-fruta-nueva-arma-para-evitar-que-los-huesos-ataquen-los-rebanos\/","title":{"rendered":"La fruta, nueva arma para evitar que los huesos ataquen los reba\u00f1os."},"content":{"rendered":"\n<p>En los \u00faltimos a\u00f1os, el hueso pardo ha atacado cada vez m\u00e1s reba\u00f1os en las zonas de monta\u00f1a del Pirineo mientras pastaban. Por lo que afirman los expertos, los huesos no quedan hartos con las hierbas y plantas que encuentran en la monta\u00f1a y el hambre les lleva a buscar lo que les falta sobre todo entre los reba\u00f1os de corderos y ovejas. Los responsables de la Fundaci\u00f3n Os Bru, que cuida de estos animales, esperan que este a\u00f1o se recojan los esfuerzos que iniciaron hace seis a\u00f1os, cuando empezaron a plantar hasta 14.000 \u00e1rboles frutales en zonas de alta monta\u00f1a del Pallars Sobir\u00e0 y la Val d&#8217;Aran. Se han plantado sobre todo manzanos, cerezos y frambuesas; adem\u00e1s de otras especies minoritarias como la seta y el p\u00fadol; frutas silvestres que deber\u00edan servir para detener los huesos fam\u00e9licos.   <\/p>\n\n<p>Desde la Fundaci\u00f3n Os Bru est\u00e1n convencidos de que si los huesos encuentran el alimento que necesitan en su zona, no tendr\u00e1n que alejarse para buscar comida hacia zonas de pasto, donde hay ganado de ganader\u00eda extensiva. Se calcula que por ahora en el Pirineo, hay setenta ejemplares. La colonia de huesos no ha parado de crecer desde su reintroducci\u00f3n, en la d\u00e9cada de los 90.  <\/p>\n\n<p><\/p>\n","protected":false},"excerpt":{"rendered":"<p>En los \u00faltimos a\u00f1os, el hueso pardo ha atacado cada vez m\u00e1s reba\u00f1os en las zonas de monta\u00f1a del Pirineo mientras pastaban. Por lo que afirman los expertos, los huesos no quedan hartos con las hierbas y plantas que encuentran en la monta\u00f1a y el hambre les lleva a buscar lo que les falta sobre todo entre los reba\u00f1os de corderos y ovejas. Los responsables de la Fundaci\u00f3n Os Bru&#8230;  <\/p>\n","protected":false},"author":1,"featured_media":1203,"comment_status":"open","ping_status":"closed","sticky":false,"template":"","format":"standard","meta":{"footnotes":""},"categories":[74],"tags":[],"class_list":["post-1550","post","type-post","status-publish","format-standard","has-post-thumbnail","hentry","category-sin-categorizar"],"yoast_head":"<!-- This site is optimized with the Yoast SEO plugin v27.5 - https:\/\/yoast.com\/product\/yoast-seo-wordpress\/ -->\n<title>La fruta, nueva arma para evitar que los huesos ataquen los reba\u00f1os. - Cl\u00faster de Muntanya<\/title>\n<meta name=\"robots\" content=\"index, follow, max-snippet:-1, max-image-preview:large, max-video-preview:-1\" \/>\n<link rel=\"canonical\" href=\"https:\/\/clusterdemuntanya.cat\/es\/la-fruta-nueva-arma-para-evitar-que-los-huesos-ataquen-los-rebanos\/\" \/>\n<meta property=\"og:locale\" content=\"es_ES\" \/>\n<meta property=\"og:type\" content=\"article\" \/>\n<meta property=\"og:title\" content=\"La fruta, nueva arma para evitar que los huesos ataquen los reba\u00f1os. - Cl\u00faster de Muntanya\" \/>\n<meta property=\"og:description\" content=\"En los \u00faltimos a\u00f1os, el hueso pardo ha atacado cada vez m\u00e1s reba\u00f1os en las zonas de monta\u00f1a del Pirineo mientras pastaban. Por lo que afirman los expertos, los huesos no quedan hartos con las hierbas y plantas que encuentran en la monta\u00f1a y el hambre les lleva a buscar lo que les falta sobre todo entre los reba\u00f1os de corderos y ovejas. Los responsables de la Fundaci\u00f3n Os Bru...\" \/>\n<meta property=\"og:url\" content=\"https:\/\/clusterdemuntanya.cat\/es\/la-fruta-nueva-arma-para-evitar-que-los-huesos-ataquen-los-rebanos\/\" \/>\n<meta property=\"og:site_name\" content=\"Cl\u00faster de Muntanya\" \/>\n<meta property=\"article:published_time\" content=\"2022-07-04T12:56:03+00:00\" \/>\n<meta property=\"article:modified_time\" content=\"2024-09-10T18:37:10+00:00\" \/>\n<meta property=\"og:image\" content=\"https:\/\/clusterdemuntanya.cat\/wp-content\/uploads\/2022\/07\/actualitat-ossos-25.png\" \/>\n\t<meta property=\"og:image:width\" content=\"936\" \/>\n\t<meta property=\"og:image:height\" content=\"544\" \/>\n\t<meta property=\"og:image:type\" content=\"image\/png\" \/>\n<meta name=\"author\" content=\"admin\" \/>\n<meta name=\"twitter:card\" content=\"summary_large_image\" \/>\n<meta name=\"twitter:label1\" content=\"Escrito por\" \/>\n\t<meta name=\"twitter:data1\" content=\"admin\" \/>\n\t<meta name=\"twitter:label2\" content=\"Tiempo de lectura\" \/>\n\t<meta name=\"twitter:data2\" content=\"1 minuto\" \/>\n<script type=\"application\/ld+json\" class=\"yoast-schema-graph\">{\"@context\":\"https:\\\/\\\/schema.org\",\"@graph\":[{\"@type\":\"Article\",\"@id\":\"https:\\\/\\\/clusterdemuntanya.cat\\\/es\\\/la-fruta-nueva-arma-para-evitar-que-los-huesos-ataquen-los-rebanos\\\/#article\",\"isPartOf\":{\"@id\":\"https:\\\/\\\/clusterdemuntanya.cat\\\/es\\\/la-fruta-nueva-arma-para-evitar-que-los-huesos-ataquen-los-rebanos\\\/\"},\"author\":{\"name\":\"admin\",\"@id\":\"https:\\\/\\\/clusterdemuntanya.cat\\\/es\\\/#\\\/schema\\\/person\\\/8339ce04b67664997b6b85aa708ebf92\"},\"headline\":\"La fruta, nueva arma para evitar que los huesos ataquen los reba\u00f1os.\",\"datePublished\":\"2022-07-04T12:56:03+00:00\",\"dateModified\":\"2024-09-10T18:37:10+00:00\",\"mainEntityOfPage\":{\"@id\":\"https:\\\/\\\/clusterdemuntanya.cat\\\/es\\\/la-fruta-nueva-arma-para-evitar-que-los-huesos-ataquen-los-rebanos\\\/\"},\"wordCount\":236,\"commentCount\":0,\"publisher\":{\"@id\":\"https:\\\/\\\/clusterdemuntanya.cat\\\/es\\\/#organization\"},\"image\":{\"@id\":\"https:\\\/\\\/clusterdemuntanya.cat\\\/es\\\/la-fruta-nueva-arma-para-evitar-que-los-huesos-ataquen-los-rebanos\\\/#primaryimage\"},\"thumbnailUrl\":\"https:\\\/\\\/clusterdemuntanya.cat\\\/wp-content\\\/uploads\\\/2022\\\/07\\\/actualitat-ossos-25.png\",\"articleSection\":[\"Sin categorizar\"],\"inLanguage\":\"es\",\"potentialAction\":[{\"@type\":\"CommentAction\",\"name\":\"Comment\",\"target\":[\"https:\\\/\\\/clusterdemuntanya.cat\\\/es\\\/la-fruta-nueva-arma-para-evitar-que-los-huesos-ataquen-los-rebanos\\\/#respond\"]}]},{\"@type\":\"WebPage\",\"@id\":\"https:\\\/\\\/clusterdemuntanya.cat\\\/es\\\/la-fruta-nueva-arma-para-evitar-que-los-huesos-ataquen-los-rebanos\\\/\",\"url\":\"https:\\\/\\\/clusterdemuntanya.cat\\\/es\\\/la-fruta-nueva-arma-para-evitar-que-los-huesos-ataquen-los-rebanos\\\/\",\"name\":\"La fruta, nueva arma para evitar que los huesos ataquen los reba\u00f1os. - Cl\u00faster de Muntanya\",\"isPartOf\":{\"@id\":\"https:\\\/\\\/clusterdemuntanya.cat\\\/es\\\/#website\"},\"primaryImageOfPage\":{\"@id\":\"https:\\\/\\\/clusterdemuntanya.cat\\\/es\\\/la-fruta-nueva-arma-para-evitar-que-los-huesos-ataquen-los-rebanos\\\/#primaryimage\"},\"image\":{\"@id\":\"https:\\\/\\\/clusterdemuntanya.cat\\\/es\\\/la-fruta-nueva-arma-para-evitar-que-los-huesos-ataquen-los-rebanos\\\/#primaryimage\"},\"thumbnailUrl\":\"https:\\\/\\\/clusterdemuntanya.cat\\\/wp-content\\\/uploads\\\/2022\\\/07\\\/actualitat-ossos-25.png\",\"datePublished\":\"2022-07-04T12:56:03+00:00\",\"dateModified\":\"2024-09-10T18:37:10+00:00\",\"breadcrumb\":{\"@id\":\"https:\\\/\\\/clusterdemuntanya.cat\\\/es\\\/la-fruta-nueva-arma-para-evitar-que-los-huesos-ataquen-los-rebanos\\\/#breadcrumb\"},\"inLanguage\":\"es\",\"potentialAction\":[{\"@type\":\"ReadAction\",\"target\":[\"https:\\\/\\\/clusterdemuntanya.cat\\\/es\\\/la-fruta-nueva-arma-para-evitar-que-los-huesos-ataquen-los-rebanos\\\/\"]}]},{\"@type\":\"ImageObject\",\"inLanguage\":\"es\",\"@id\":\"https:\\\/\\\/clusterdemuntanya.cat\\\/es\\\/la-fruta-nueva-arma-para-evitar-que-los-huesos-ataquen-los-rebanos\\\/#primaryimage\",\"url\":\"https:\\\/\\\/clusterdemuntanya.cat\\\/wp-content\\\/uploads\\\/2022\\\/07\\\/actualitat-ossos-25.png\",\"contentUrl\":\"https:\\\/\\\/clusterdemuntanya.cat\\\/wp-content\\\/uploads\\\/2022\\\/07\\\/actualitat-ossos-25.png\",\"width\":936,\"height\":544},{\"@type\":\"BreadcrumbList\",\"@id\":\"https:\\\/\\\/clusterdemuntanya.cat\\\/es\\\/la-fruta-nueva-arma-para-evitar-que-los-huesos-ataquen-los-rebanos\\\/#breadcrumb\",\"itemListElement\":[{\"@type\":\"ListItem\",\"position\":1,\"name\":\"Inici\",\"item\":\"https:\\\/\\\/clusterdemuntanya.cat\\\/es\\\/\"},{\"@type\":\"ListItem\",\"position\":2,\"name\":\"La fruta, nueva arma para evitar que los huesos ataquen los reba\u00f1os.\"}]},{\"@type\":\"WebSite\",\"@id\":\"https:\\\/\\\/clusterdemuntanya.cat\\\/es\\\/#website\",\"url\":\"https:\\\/\\\/clusterdemuntanya.cat\\\/es\\\/\",\"name\":\"Cl\u00faster de Muntanya\",\"description\":\"El Cl\u00faster Agroalimentari de Productes T\u00edpics de Muntanya\",\"publisher\":{\"@id\":\"https:\\\/\\\/clusterdemuntanya.cat\\\/es\\\/#organization\"},\"potentialAction\":[{\"@type\":\"SearchAction\",\"target\":{\"@type\":\"EntryPoint\",\"urlTemplate\":\"https:\\\/\\\/clusterdemuntanya.cat\\\/es\\\/?s={search_term_string}\"},\"query-input\":{\"@type\":\"PropertyValueSpecification\",\"valueRequired\":true,\"valueName\":\"search_term_string\"}}],\"inLanguage\":\"es\"},{\"@type\":\"Organization\",\"@id\":\"https:\\\/\\\/clusterdemuntanya.cat\\\/es\\\/#organization\",\"name\":\"Cl\u00faster de Muntanya\",\"url\":\"https:\\\/\\\/clusterdemuntanya.cat\\\/es\\\/\",\"logo\":{\"@type\":\"ImageObject\",\"inLanguage\":\"es\",\"@id\":\"https:\\\/\\\/clusterdemuntanya.cat\\\/es\\\/#\\\/schema\\\/logo\\\/image\\\/\",\"url\":\"https:\\\/\\\/clusterdemuntanya.cat\\\/wp-content\\\/uploads\\\/2022\\\/07\\\/logo-cluster-de-muntanya-2-horitzontal-25.png\",\"contentUrl\":\"https:\\\/\\\/clusterdemuntanya.cat\\\/wp-content\\\/uploads\\\/2022\\\/07\\\/logo-cluster-de-muntanya-2-horitzontal-25.png\",\"width\":1064,\"height\":298,\"caption\":\"Cl\u00faster de Muntanya\"},\"image\":{\"@id\":\"https:\\\/\\\/clusterdemuntanya.cat\\\/es\\\/#\\\/schema\\\/logo\\\/image\\\/\"}},{\"@type\":\"Person\",\"@id\":\"https:\\\/\\\/clusterdemuntanya.cat\\\/es\\\/#\\\/schema\\\/person\\\/8339ce04b67664997b6b85aa708ebf92\",\"name\":\"admin\",\"image\":{\"@type\":\"ImageObject\",\"inLanguage\":\"es\",\"@id\":\"https:\\\/\\\/secure.gravatar.com\\\/avatar\\\/e8f6402c77c03758b40801faa998033259be1dcff9eed45c17513c4b1444c7ac?s=96&d=mm&r=g\",\"url\":\"https:\\\/\\\/secure.gravatar.com\\\/avatar\\\/e8f6402c77c03758b40801faa998033259be1dcff9eed45c17513c4b1444c7ac?s=96&d=mm&r=g\",\"contentUrl\":\"https:\\\/\\\/secure.gravatar.com\\\/avatar\\\/e8f6402c77c03758b40801faa998033259be1dcff9eed45c17513c4b1444c7ac?s=96&d=mm&r=g\",\"caption\":\"admin\"},\"sameAs\":[\"https:\\\/\\\/clusterdemuntanya.cat\"],\"url\":\"https:\\\/\\\/clusterdemuntanya.cat\\\/es\\\/author\\\/fowardestudi_k9lt8nj1\\\/\"}]}<\/script>\n<!-- \/ Yoast SEO plugin. -->","yoast_head_json":{"title":"La fruta, nueva arma para evitar que los huesos ataquen los reba\u00f1os. - Cl\u00faster de Muntanya","robots":{"index":"index","follow":"follow","max-snippet":"max-snippet:-1","max-image-preview":"max-image-preview:large","max-video-preview":"max-video-preview:-1"},"canonical":"https:\/\/clusterdemuntanya.cat\/es\/la-fruta-nueva-arma-para-evitar-que-los-huesos-ataquen-los-rebanos\/","og_locale":"es_ES","og_type":"article","og_title":"La fruta, nueva arma para evitar que los huesos ataquen los reba\u00f1os. - Cl\u00faster de Muntanya","og_description":"En los \u00faltimos a\u00f1os, el hueso pardo ha atacado cada vez m\u00e1s reba\u00f1os en las zonas de monta\u00f1a del Pirineo mientras pastaban. Por lo que afirman los expertos, los huesos no quedan hartos con las hierbas y plantas que encuentran en la monta\u00f1a y el hambre les lleva a buscar lo que les falta sobre todo entre los reba\u00f1os de corderos y ovejas. Los responsables de la Fundaci\u00f3n Os Bru...","og_url":"https:\/\/clusterdemuntanya.cat\/es\/la-fruta-nueva-arma-para-evitar-que-los-huesos-ataquen-los-rebanos\/","og_site_name":"Cl\u00faster de Muntanya","article_published_time":"2022-07-04T12:56:03+00:00","article_modified_time":"2024-09-10T18:37:10+00:00","og_image":[{"width":936,"height":544,"url":"https:\/\/clusterdemuntanya.cat\/wp-content\/uploads\/2022\/07\/actualitat-ossos-25.png","type":"image\/png"}],"author":"admin","twitter_card":"summary_large_image","twitter_misc":{"Escrito por":"admin","Tiempo de lectura":"1 minuto"},"schema":{"@context":"https:\/\/schema.org","@graph":[{"@type":"Article","@id":"https:\/\/clusterdemuntanya.cat\/es\/la-fruta-nueva-arma-para-evitar-que-los-huesos-ataquen-los-rebanos\/#article","isPartOf":{"@id":"https:\/\/clusterdemuntanya.cat\/es\/la-fruta-nueva-arma-para-evitar-que-los-huesos-ataquen-los-rebanos\/"},"author":{"name":"admin","@id":"https:\/\/clusterdemuntanya.cat\/es\/#\/schema\/person\/8339ce04b67664997b6b85aa708ebf92"},"headline":"La fruta, nueva arma para evitar que los huesos ataquen los reba\u00f1os.","datePublished":"2022-07-04T12:56:03+00:00","dateModified":"2024-09-10T18:37:10+00:00","mainEntityOfPage":{"@id":"https:\/\/clusterdemuntanya.cat\/es\/la-fruta-nueva-arma-para-evitar-que-los-huesos-ataquen-los-rebanos\/"},"wordCount":236,"commentCount":0,"publisher":{"@id":"https:\/\/clusterdemuntanya.cat\/es\/#organization"},"image":{"@id":"https:\/\/clusterdemuntanya.cat\/es\/la-fruta-nueva-arma-para-evitar-que-los-huesos-ataquen-los-rebanos\/#primaryimage"},"thumbnailUrl":"https:\/\/clusterdemuntanya.cat\/wp-content\/uploads\/2022\/07\/actualitat-ossos-25.png","articleSection":["Sin categorizar"],"inLanguage":"es","potentialAction":[{"@type":"CommentAction","name":"Comment","target":["https:\/\/clusterdemuntanya.cat\/es\/la-fruta-nueva-arma-para-evitar-que-los-huesos-ataquen-los-rebanos\/#respond"]}]},{"@type":"WebPage","@id":"https:\/\/clusterdemuntanya.cat\/es\/la-fruta-nueva-arma-para-evitar-que-los-huesos-ataquen-los-rebanos\/","url":"https:\/\/clusterdemuntanya.cat\/es\/la-fruta-nueva-arma-para-evitar-que-los-huesos-ataquen-los-rebanos\/","name":"La fruta, nueva arma para evitar que los huesos ataquen los reba\u00f1os. - Cl\u00faster de Muntanya","isPartOf":{"@id":"https:\/\/clusterdemuntanya.cat\/es\/#website"},"primaryImageOfPage":{"@id":"https:\/\/clusterdemuntanya.cat\/es\/la-fruta-nueva-arma-para-evitar-que-los-huesos-ataquen-los-rebanos\/#primaryimage"},"image":{"@id":"https:\/\/clusterdemuntanya.cat\/es\/la-fruta-nueva-arma-para-evitar-que-los-huesos-ataquen-los-rebanos\/#primaryimage"},"thumbnailUrl":"https:\/\/clusterdemuntanya.cat\/wp-content\/uploads\/2022\/07\/actualitat-ossos-25.png","datePublished":"2022-07-04T12:56:03+00:00","dateModified":"2024-09-10T18:37:10+00:00","breadcrumb":{"@id":"https:\/\/clusterdemuntanya.cat\/es\/la-fruta-nueva-arma-para-evitar-que-los-huesos-ataquen-los-rebanos\/#breadcrumb"},"inLanguage":"es","potentialAction":[{"@type":"ReadAction","target":["https:\/\/clusterdemuntanya.cat\/es\/la-fruta-nueva-arma-para-evitar-que-los-huesos-ataquen-los-rebanos\/"]}]},{"@type":"ImageObject","inLanguage":"es","@id":"https:\/\/clusterdemuntanya.cat\/es\/la-fruta-nueva-arma-para-evitar-que-los-huesos-ataquen-los-rebanos\/#primaryimage","url":"https:\/\/clusterdemuntanya.cat\/wp-content\/uploads\/2022\/07\/actualitat-ossos-25.png","contentUrl":"https:\/\/clusterdemuntanya.cat\/wp-content\/uploads\/2022\/07\/actualitat-ossos-25.png","width":936,"height":544},{"@type":"BreadcrumbList","@id":"https:\/\/clusterdemuntanya.cat\/es\/la-fruta-nueva-arma-para-evitar-que-los-huesos-ataquen-los-rebanos\/#breadcrumb","itemListElement":[{"@type":"ListItem","position":1,"name":"Inici","item":"https:\/\/clusterdemuntanya.cat\/es\/"},{"@type":"ListItem","position":2,"name":"La fruta, nueva arma para evitar que los huesos ataquen los reba\u00f1os."}]},{"@type":"WebSite","@id":"https:\/\/clusterdemuntanya.cat\/es\/#website","url":"https:\/\/clusterdemuntanya.cat\/es\/","name":"Cl\u00faster de Muntanya","description":"El Cl\u00faster Agroalimentari de Productes T\u00edpics de Muntanya","publisher":{"@id":"https:\/\/clusterdemuntanya.cat\/es\/#organization"},"potentialAction":[{"@type":"SearchAction","target":{"@type":"EntryPoint","urlTemplate":"https:\/\/clusterdemuntanya.cat\/es\/?s={search_term_string}"},"query-input":{"@type":"PropertyValueSpecification","valueRequired":true,"valueName":"search_term_string"}}],"inLanguage":"es"},{"@type":"Organization","@id":"https:\/\/clusterdemuntanya.cat\/es\/#organization","name":"Cl\u00faster de Muntanya","url":"https:\/\/clusterdemuntanya.cat\/es\/","logo":{"@type":"ImageObject","inLanguage":"es","@id":"https:\/\/clusterdemuntanya.cat\/es\/#\/schema\/logo\/image\/","url":"https:\/\/clusterdemuntanya.cat\/wp-content\/uploads\/2022\/07\/logo-cluster-de-muntanya-2-horitzontal-25.png","contentUrl":"https:\/\/clusterdemuntanya.cat\/wp-content\/uploads\/2022\/07\/logo-cluster-de-muntanya-2-horitzontal-25.png","width":1064,"height":298,"caption":"Cl\u00faster de Muntanya"},"image":{"@id":"https:\/\/clusterdemuntanya.cat\/es\/#\/schema\/logo\/image\/"}},{"@type":"Person","@id":"https:\/\/clusterdemuntanya.cat\/es\/#\/schema\/person\/8339ce04b67664997b6b85aa708ebf92","name":"admin","image":{"@type":"ImageObject","inLanguage":"es","@id":"https:\/\/secure.gravatar.com\/avatar\/e8f6402c77c03758b40801faa998033259be1dcff9eed45c17513c4b1444c7ac?s=96&d=mm&r=g","url":"https:\/\/secure.gravatar.com\/avatar\/e8f6402c77c03758b40801faa998033259be1dcff9eed45c17513c4b1444c7ac?s=96&d=mm&r=g","contentUrl":"https:\/\/secure.gravatar.com\/avatar\/e8f6402c77c03758b40801faa998033259be1dcff9eed45c17513c4b1444c7ac?s=96&d=mm&r=g","caption":"admin"},"sameAs":["https:\/\/clusterdemuntanya.cat"],"url":"https:\/\/clusterdemuntanya.cat\/es\/author\/fowardestudi_k9lt8nj1\/"}]}},"_links":{"self":[{"href":"https:\/\/clusterdemuntanya.cat\/es\/wp-json\/wp\/v2\/posts\/1550","targetHints":{"allow":["GET"]}}],"collection":[{"href":"https:\/\/clusterdemuntanya.cat\/es\/wp-json\/wp\/v2\/posts"}],"about":[{"href":"https:\/\/clusterdemuntanya.cat\/es\/wp-json\/wp\/v2\/types\/post"}],"author":[{"embeddable":true,"href":"https:\/\/clusterdemuntanya.cat\/es\/wp-json\/wp\/v2\/users\/1"}],"replies":[{"embeddable":true,"href":"https:\/\/clusterdemuntanya.cat\/es\/wp-json\/wp\/v2\/comments?post=1550"}],"version-history":[{"count":1,"href":"https:\/\/clusterdemuntanya.cat\/es\/wp-json\/wp\/v2\/posts\/1550\/revisions"}],"predecessor-version":[{"id":1552,"href":"https:\/\/clusterdemuntanya.cat\/es\/wp-json\/wp\/v2\/posts\/1550\/revisions\/1552"}],"wp:featuredmedia":[{"embeddable":true,"href":"https:\/\/clusterdemuntanya.cat\/es\/wp-json\/wp\/v2\/media\/1203"}],"wp:attachment":[{"href":"https:\/\/clusterdemuntanya.cat\/es\/wp-json\/wp\/v2\/media?parent=1550"}],"wp:term":[{"taxonomy":"category","embeddable":true,"href":"https:\/\/clusterdemuntanya.cat\/es\/wp-json\/wp\/v2\/categories?post=1550"},{"taxonomy":"post_tag","embeddable":true,"href":"https:\/\/clusterdemuntanya.cat\/es\/wp-json\/wp\/v2\/tags?post=1550"}],"curies":[{"name":"wp","href":"https:\/\/api.w.org\/{rel}","templated":true}]}}